{"id":979,"date":"2022-11-08T09:00:39","date_gmt":"2022-11-08T09:00:39","guid":{"rendered":"http:\/\/www.caetanoadvogados.adv.br\/site\/?p=979"},"modified":"2022-10-26T14:08:37","modified_gmt":"2022-10-26T14:08:37","slug":"voce-ja-ouviu-falar-sobre-analise-e-planejamento-previdenciario","status":"publish","type":"post","link":"https:\/\/www.caetanoadvogados.adv.br\/site\/voce-ja-ouviu-falar-sobre-analise-e-planejamento-previdenciario\/","title":{"rendered":"Voc\u00ea j\u00e1 ouviu falar sobre An\u00e1lise e Planejamento Previdenci\u00e1rio?"},"content":{"rendered":"<p style=\"text-align: justify;\">Com o aumento da expectativa de vida e as constantes altera\u00e7\u00f5es na legisla\u00e7\u00e3o previdenci\u00e1ria, principalmente as advindas da Emenda Constitucional 103\/2019, a correta an\u00e1lise previdenci\u00e1ria tornou-se essencial para que o segurado possa optar pela aposentadoria ou benef\u00edcio previdenci\u00e1rio mais vantajoso de acordo com a sua idade, per\u00edodos e valores de contribui\u00e7\u00e3o, atividades desempenhadas ao longo de sua vida e as regras de transi\u00e7\u00e3o implementadas pelas altera\u00e7\u00f5es legislativas.<\/p>\n<p style=\"text-align: justify;\">\nNa an\u00e1lise do tempo contributivo pregresso do segurado da Previd\u00eancia Social tanto na qualidade de empregado, como contribuinte individual, verifica-se, entre diversos aspectos:<\/p>\n<p style=\"text-align: justify;\">\n\u00b7 todos os per\u00edodos contributivos, como tamb\u00e9m se existe possibilidade de c\u00f4mputo de tempo de contribui\u00e7\u00e3o como segurado especial em atividade rur\u00edcola;<br \/>\n\u00b7 as possibilidades de recolhimentos em atraso no caso de lacunas referente a per\u00edodos em atividade como aut\u00f4nomo\/contribuinte individual, com comprova\u00e7\u00e3o de atividade, sem recolhimentos;<br \/>\n\u00b7 as possibilidades de enquadramento de atividades desenvolvidas em condi\u00e7\u00f5es especiais (periculosidade, insalubridade e profiss\u00f5es especiais).<br \/>\nA organiza\u00e7\u00e3o e planejamento adequado pr\u00e9vio \u00e9 sempre a melhor alternativa para que o segurado n\u00e3o sofra preju\u00edzos. Em caso de d\u00favida, consulte o jur\u00eddico de sua confian\u00e7a.<\/p>\n","protected":false},"excerpt":{"rendered":"<p>Com o aumento da expectativa de vida e as constantes altera\u00e7\u00f5es na legisla\u00e7\u00e3o previdenci\u00e1ria, principalmente as advindas da Emenda Constitucional 103\/2019, a correta an\u00e1lise previdenci\u00e1ria tornou-se essencial para que o segurado possa optar pela aposentadoria ou benef\u00edcio previdenci\u00e1rio mais vantajoso de acordo com a sua idade, per\u00edodos e valores de contribui\u00e7\u00e3o, atividades desempenhadas ao longo [&hellip;]<\/p>\n","protected":false},"author":2,"featured_media":983,"comment_status":"open","ping_status":"open","sticky":false,"template":"","format":"standard","meta":{"_monsterinsights_skip_tracking":false,"_monsterinsights_sitenote_active":false,"_monsterinsights_sitenote_note":"","_monsterinsights_sitenote_category":0,"footnotes":""},"categories":[1],"tags":[],"yst_prominent_words":[],"_links":{"self":[{"href":"https:\/\/www.caetanoadvogados.adv.br\/site\/wp-json\/wp\/v2\/posts\/979"}],"collection":[{"href":"https:\/\/www.caetanoadvogados.adv.br\/site\/wp-json\/wp\/v2\/posts"}],"about":[{"href":"https:\/\/www.caetanoadvogados.adv.br\/site\/wp-json\/wp\/v2\/types\/post"}],"author":[{"embeddable":true,"href":"https:\/\/www.caetanoadvogados.adv.br\/site\/wp-json\/wp\/v2\/users\/2"}],"replies":[{"embeddable":true,"href":"https:\/\/www.caetanoadvogados.adv.br\/site\/wp-json\/wp\/v2\/comments?post=979"}],"version-history":[{"count":1,"href":"https:\/\/www.caetanoadvogados.adv.br\/site\/wp-json\/wp\/v2\/posts\/979\/revisions"}],"predecessor-version":[{"id":984,"href":"https:\/\/www.caetanoadvogados.adv.br\/site\/wp-json\/wp\/v2\/posts\/979\/revisions\/984"}],"wp:featuredmedia":[{"embeddable":true,"href":"https:\/\/www.caetanoadvogados.adv.br\/site\/wp-json\/wp\/v2\/media\/983"}],"wp:attachment":[{"href":"https:\/\/www.caetanoadvogados.adv.br\/site\/wp-json\/wp\/v2\/media?parent=979"}],"wp:term":[{"taxonomy":"category","embeddable":true,"href":"https:\/\/www.caetanoadvogados.adv.br\/site\/wp-json\/wp\/v2\/categories?post=979"},{"taxonomy":"post_tag","embeddable":true,"href":"https:\/\/www.caetanoadvogados.adv.br\/site\/wp-json\/wp\/v2\/tags?post=979"},{"taxonomy":"yst_prominent_words","embeddable":true,"href":"https:\/\/www.caetanoadvogados.adv.br\/site\/wp-json\/wp\/v2\/yst_prominent_words?post=979"}],"curies":[{"name":"wp","href":"https:\/\/api.w.org\/{rel}","templated":true}]}}