{"id":971,"date":"2022-10-18T09:00:18","date_gmt":"2022-10-18T09:00:18","guid":{"rendered":"http:\/\/www.caetanoadvogados.adv.br\/site\/?p=971"},"modified":"2022-10-03T18:42:06","modified_gmt":"2022-10-03T18:42:06","slug":"o-cumprimento-de-sentenca-ou-execucao-na-esfera-trabalhista-pode-ser-promovido-contra-quem-nao-tiver-participado-da-fase-de-conhecimento","status":"publish","type":"post","link":"https:\/\/www.caetanoadvogados.adv.br\/site\/o-cumprimento-de-sentenca-ou-execucao-na-esfera-trabalhista-pode-ser-promovido-contra-quem-nao-tiver-participado-da-fase-de-conhecimento\/","title":{"rendered":"O cumprimento de senten\u00e7a ou execu\u00e7\u00e3o na esfera trabalhista pode ser promovido contra quem n\u00e3o tiver participado da fase de conhecimento?"},"content":{"rendered":"<p style=\"text-align: justify;\">Atualmente a quest\u00e3o est\u00e1 sob an\u00e1lise do STF pelas argui\u00e7\u00f5es de descumprimento de preceito fundamental, ADPF 488 e 951. No \u00faltimo dia 13 de setembro, o Supremo Tribunal Federal, por maioria de votos, apreciou o Tema 1.232, sobre a possibilidade de inclus\u00e3o no polo passivo da lide, na fase de execu\u00e7\u00e3o trabalhista, de empresa integrante de grupo econ\u00f4mico que n\u00e3o participou do processo de conhecimento; e reconheceu a exist\u00eancia de repercuss\u00e3o geral da quest\u00e3o constitucional suscitada. Em caso de d\u00favida acompanhe o julgamento atrav\u00e9s do Jur\u00eddico de sua confian\u00e7a.<\/p>\n","protected":false},"excerpt":{"rendered":"<p>Atualmente a quest\u00e3o est\u00e1 sob an\u00e1lise do STF pelas argui\u00e7\u00f5es de descumprimento de preceito fundamental, ADPF 488 e 951. No \u00faltimo dia 13 de setembro, o Supremo Tribunal Federal, por maioria de votos, apreciou o Tema 1.232, sobre a possibilidade de inclus\u00e3o no polo passivo da lide, na fase de execu\u00e7\u00e3o trabalhista, de empresa integrante [&hellip;]<\/p>\n","protected":false},"author":2,"featured_media":966,"comment_status":"open","ping_status":"open","sticky":false,"template":"","format":"standard","meta":{"_monsterinsights_skip_tracking":false,"_monsterinsights_sitenote_active":false,"_monsterinsights_sitenote_note":"","_monsterinsights_sitenote_category":0,"footnotes":""},"categories":[1],"tags":[],"yst_prominent_words":[],"_links":{"self":[{"href":"https:\/\/www.caetanoadvogados.adv.br\/site\/wp-json\/wp\/v2\/posts\/971"}],"collection":[{"href":"https:\/\/www.caetanoadvogados.adv.br\/site\/wp-json\/wp\/v2\/posts"}],"about":[{"href":"https:\/\/www.caetanoadvogados.adv.br\/site\/wp-json\/wp\/v2\/types\/post"}],"author":[{"embeddable":true,"href":"https:\/\/www.caetanoadvogados.adv.br\/site\/wp-json\/wp\/v2\/users\/2"}],"replies":[{"embeddable":true,"href":"https:\/\/www.caetanoadvogados.adv.br\/site\/wp-json\/wp\/v2\/comments?post=971"}],"version-history":[{"count":1,"href":"https:\/\/www.caetanoadvogados.adv.br\/site\/wp-json\/wp\/v2\/posts\/971\/revisions"}],"predecessor-version":[{"id":972,"href":"https:\/\/www.caetanoadvogados.adv.br\/site\/wp-json\/wp\/v2\/posts\/971\/revisions\/972"}],"wp:featuredmedia":[{"embeddable":true,"href":"https:\/\/www.caetanoadvogados.adv.br\/site\/wp-json\/wp\/v2\/media\/966"}],"wp:attachment":[{"href":"https:\/\/www.caetanoadvogados.adv.br\/site\/wp-json\/wp\/v2\/media?parent=971"}],"wp:term":[{"taxonomy":"category","embeddable":true,"href":"https:\/\/www.caetanoadvogados.adv.br\/site\/wp-json\/wp\/v2\/categories?post=971"},{"taxonomy":"post_tag","embeddable":true,"href":"https:\/\/www.caetanoadvogados.adv.br\/site\/wp-json\/wp\/v2\/tags?post=971"},{"taxonomy":"yst_prominent_words","embeddable":true,"href":"https:\/\/www.caetanoadvogados.adv.br\/site\/wp-json\/wp\/v2\/yst_prominent_words?post=971"}],"curies":[{"name":"wp","href":"https:\/\/api.w.org\/{rel}","templated":true}]}}