{"id":969,"date":"2022-10-11T09:00:10","date_gmt":"2022-10-11T09:00:10","guid":{"rendered":"http:\/\/www.caetanoadvogados.adv.br\/site\/?p=969"},"modified":"2022-10-03T18:41:11","modified_gmt":"2022-10-03T18:41:11","slug":"lei-no-14-451-2022-altera-os-quoruns-de-deliberacao-dos-socios-da-sociedade-limitada","status":"publish","type":"post","link":"https:\/\/www.caetanoadvogados.adv.br\/site\/lei-no-14-451-2022-altera-os-quoruns-de-deliberacao-dos-socios-da-sociedade-limitada\/","title":{"rendered":"Lei no. 14.451\/2022 altera os qu\u00f3runs de delibera\u00e7\u00e3o dos s\u00f3cios da sociedade limitada"},"content":{"rendered":"<p style=\"text-align: justify;\">A Lei no. 14.451, de 21\/09\/2022, passa a prever que a designa\u00e7\u00e3o de administradores n\u00e3o s\u00f3cios depender\u00e1 da aprova\u00e7\u00e3o de, no m\u00ednimo, 2\/3 (dois ter\u00e7os) dos s\u00f3cios, enquanto o capital n\u00e3o estiver integralizado, e da aprova\u00e7\u00e3o de titulares de quotas correspondentes a mais da metade do capital social, ap\u00f3s a integraliza\u00e7\u00e3o.<\/p>\n<p style=\"text-align: justify;\">Igualmente, passa a dispor que, ressalvado o disposto no art. 1.061, as delibera\u00e7\u00f5es dos s\u00f3cios ser\u00e3o tomadas pelos votos correspondentes a mais da metade do capital social, nos casos de aprova\u00e7\u00e3o das contas da administra\u00e7\u00e3o; designa\u00e7\u00e3o dos administradores, quando feita em ato separado; destitui\u00e7\u00e3o dos administradores; modo de sua remunera\u00e7\u00e3o, quando n\u00e3o estabelecido no contrato; modifica\u00e7\u00e3o do contrato social; incorpora\u00e7\u00e3o, fus\u00e3o e a dissolu\u00e7\u00e3o da sociedade, cessa\u00e7\u00e3o do estado de liquida\u00e7\u00e3o; nomea\u00e7\u00e3o e destitui\u00e7\u00e3o dos liquidantes, julgamento das suas contas; bem como no pedido de recupera\u00e7\u00e3o judicial.<\/p>\n<p style=\"text-align: justify;\">0Em caso de d\u00favida consulte o Jur\u00eddico de sua confian\u00e7a!<\/p>\n","protected":false},"excerpt":{"rendered":"<p>A Lei no. 14.451, de 21\/09\/2022, passa a prever que a designa\u00e7\u00e3o de administradores n\u00e3o s\u00f3cios depender\u00e1 da aprova\u00e7\u00e3o de, no m\u00ednimo, 2\/3 (dois ter\u00e7os) dos s\u00f3cios, enquanto o capital n\u00e3o estiver integralizado, e da aprova\u00e7\u00e3o de titulares de quotas correspondentes a mais da metade do capital social, ap\u00f3s a integraliza\u00e7\u00e3o. Igualmente, passa a dispor [&hellip;]<\/p>\n","protected":false},"author":2,"featured_media":965,"comment_status":"open","ping_status":"open","sticky":false,"template":"","format":"standard","meta":{"_monsterinsights_skip_tracking":false,"_monsterinsights_sitenote_active":false,"_monsterinsights_sitenote_note":"","_monsterinsights_sitenote_category":0,"footnotes":""},"categories":[1],"tags":[],"yst_prominent_words":[],"_links":{"self":[{"href":"https:\/\/www.caetanoadvogados.adv.br\/site\/wp-json\/wp\/v2\/posts\/969"}],"collection":[{"href":"https:\/\/www.caetanoadvogados.adv.br\/site\/wp-json\/wp\/v2\/posts"}],"about":[{"href":"https:\/\/www.caetanoadvogados.adv.br\/site\/wp-json\/wp\/v2\/types\/post"}],"author":[{"embeddable":true,"href":"https:\/\/www.caetanoadvogados.adv.br\/site\/wp-json\/wp\/v2\/users\/2"}],"replies":[{"embeddable":true,"href":"https:\/\/www.caetanoadvogados.adv.br\/site\/wp-json\/wp\/v2\/comments?post=969"}],"version-history":[{"count":1,"href":"https:\/\/www.caetanoadvogados.adv.br\/site\/wp-json\/wp\/v2\/posts\/969\/revisions"}],"predecessor-version":[{"id":970,"href":"https:\/\/www.caetanoadvogados.adv.br\/site\/wp-json\/wp\/v2\/posts\/969\/revisions\/970"}],"wp:featuredmedia":[{"embeddable":true,"href":"https:\/\/www.caetanoadvogados.adv.br\/site\/wp-json\/wp\/v2\/media\/965"}],"wp:attachment":[{"href":"https:\/\/www.caetanoadvogados.adv.br\/site\/wp-json\/wp\/v2\/media?parent=969"}],"wp:term":[{"taxonomy":"category","embeddable":true,"href":"https:\/\/www.caetanoadvogados.adv.br\/site\/wp-json\/wp\/v2\/categories?post=969"},{"taxonomy":"post_tag","embeddable":true,"href":"https:\/\/www.caetanoadvogados.adv.br\/site\/wp-json\/wp\/v2\/tags?post=969"},{"taxonomy":"yst_prominent_words","embeddable":true,"href":"https:\/\/www.caetanoadvogados.adv.br\/site\/wp-json\/wp\/v2\/yst_prominent_words?post=969"}],"curies":[{"name":"wp","href":"https:\/\/api.w.org\/{rel}","templated":true}]}}