{"id":921,"date":"2022-07-12T09:00:04","date_gmt":"2022-07-12T09:00:04","guid":{"rendered":"http:\/\/caetanoadvogados.adv.br\/site\/?p=921"},"modified":"2022-06-28T18:13:11","modified_gmt":"2022-06-28T18:13:11","slug":"reforma-trabalhista-modificou-perfil-das-acoes-na-justica-trabalho-segundo-ipea","status":"publish","type":"post","link":"https:\/\/www.caetanoadvogados.adv.br\/site\/reforma-trabalhista-modificou-perfil-das-acoes-na-justica-trabalho-segundo-ipea\/","title":{"rendered":"Reforma trabalhista modificou perfil das a\u00e7\u00f5es na Justi\u00e7a do Trabalho, segundo Ipea"},"content":{"rendered":"<p style=\"text-align: justify;\">De acordo com uma nova pesquisa do Instituto de Pesquisa Econ\u00f4mica Aplicada (Ipea), encomendada pela Associa\u00e7\u00e3o Nacional de Medicina do Trabalho, o perfil das pessoas que entram com a\u00e7\u00f5es na Justi\u00e7a do Trabalho mudou depois das altera\u00e7\u00f5es impostas pela reforma trabalhista de 2017. Os n\u00fameros mostram que, em 2012, os v\u00ednculos empregat\u00edcios dos reclamantes eram, em m\u00e9dia, de 3,4 anos, crescendo para 4,6 anos em 2018. No primeiro ano, as disputas abertas por trabalhadores com v\u00ednculos de trabalho novos, de at\u00e9 1 ano, representavam quase metade (49,5%) das a\u00e7\u00f5es. Em 2018, esse n\u00famero caiu para 32%. Enquanto isso, no mesmo ano, aumentaram as a\u00e7\u00f5es movidas por pessoas com contratos mais longos, de mais de dois anos. A participa\u00e7\u00e3o de v\u00ednculos de 4 a 5 anos nos processos sobe de 9,8% para 14,9%, enquanto as rela\u00e7\u00f5es de 10 anos ou mais, sobem de 9,1% para 11,3%.<\/p>\n<p style=\"text-align: justify;\">Fonte: https:\/\/www.contabeis.com.br\/noticias\/52006\/reforma-trabalhista-impacta-perfil-das-acoes-da-justica-do-trabalho\/<\/p>\n","protected":false},"excerpt":{"rendered":"<p>De acordo com uma nova pesquisa do Instituto de Pesquisa Econ\u00f4mica Aplicada (Ipea), encomendada pela Associa\u00e7\u00e3o Nacional de Medicina do Trabalho, o perfil das pessoas que entram com a\u00e7\u00f5es na Justi\u00e7a do Trabalho mudou depois das altera\u00e7\u00f5es impostas pela reforma trabalhista de 2017. Os n\u00fameros mostram que, em 2012, os v\u00ednculos empregat\u00edcios dos reclamantes eram, [&hellip;]<\/p>\n","protected":false},"author":2,"featured_media":928,"comment_status":"open","ping_status":"open","sticky":false,"template":"","format":"standard","meta":{"_monsterinsights_skip_tracking":false,"_monsterinsights_sitenote_active":false,"_monsterinsights_sitenote_note":"","_monsterinsights_sitenote_category":0,"footnotes":""},"categories":[1],"tags":[],"yst_prominent_words":[],"_links":{"self":[{"href":"https:\/\/www.caetanoadvogados.adv.br\/site\/wp-json\/wp\/v2\/posts\/921"}],"collection":[{"href":"https:\/\/www.caetanoadvogados.adv.br\/site\/wp-json\/wp\/v2\/posts"}],"about":[{"href":"https:\/\/www.caetanoadvogados.adv.br\/site\/wp-json\/wp\/v2\/types\/post"}],"author":[{"embeddable":true,"href":"https:\/\/www.caetanoadvogados.adv.br\/site\/wp-json\/wp\/v2\/users\/2"}],"replies":[{"embeddable":true,"href":"https:\/\/www.caetanoadvogados.adv.br\/site\/wp-json\/wp\/v2\/comments?post=921"}],"version-history":[{"count":1,"href":"https:\/\/www.caetanoadvogados.adv.br\/site\/wp-json\/wp\/v2\/posts\/921\/revisions"}],"predecessor-version":[{"id":922,"href":"https:\/\/www.caetanoadvogados.adv.br\/site\/wp-json\/wp\/v2\/posts\/921\/revisions\/922"}],"wp:featuredmedia":[{"embeddable":true,"href":"https:\/\/www.caetanoadvogados.adv.br\/site\/wp-json\/wp\/v2\/media\/928"}],"wp:attachment":[{"href":"https:\/\/www.caetanoadvogados.adv.br\/site\/wp-json\/wp\/v2\/media?parent=921"}],"wp:term":[{"taxonomy":"category","embeddable":true,"href":"https:\/\/www.caetanoadvogados.adv.br\/site\/wp-json\/wp\/v2\/categories?post=921"},{"taxonomy":"post_tag","embeddable":true,"href":"https:\/\/www.caetanoadvogados.adv.br\/site\/wp-json\/wp\/v2\/tags?post=921"},{"taxonomy":"yst_prominent_words","embeddable":true,"href":"https:\/\/www.caetanoadvogados.adv.br\/site\/wp-json\/wp\/v2\/yst_prominent_words?post=921"}],"curies":[{"name":"wp","href":"https:\/\/api.w.org\/{rel}","templated":true}]}}