{"id":887,"date":"2022-04-26T09:00:20","date_gmt":"2022-04-26T09:00:20","guid":{"rendered":"http:\/\/caetanoadvogados.adv.br\/site\/?p=887"},"modified":"2022-04-05T12:24:49","modified_gmt":"2022-04-05T12:24:49","slug":"dia-mundial-de-saude-e-seguranca-no-trabalho-voce-sabe-por-que-o-dia-28-de-abril-foi-escolhido","status":"publish","type":"post","link":"https:\/\/www.caetanoadvogados.adv.br\/site\/dia-mundial-de-saude-e-seguranca-no-trabalho-voce-sabe-por-que-o-dia-28-de-abril-foi-escolhido\/","title":{"rendered":"Dia Mundial de Sa\u00fade e Seguran\u00e7a no trabalho? Voc\u00ea sabe por que o dia 28 de abril foi escolhido?"},"content":{"rendered":"<p style=\"text-align: justify;\"><span style=\"font-weight: 400;\">A data foi escolhida em raz\u00e3o de um acidente que matou 78 trabalhadores em uma mina no estado da Virg\u00ednia, nos Estados Unidos no ano de 1969. A OIT, desde 2003, consagra a data \u00e0 reflex\u00e3o sobre a seguran\u00e7a e sa\u00fade do trabalhador e, desde maio de 2005, o dia 28 foi institu\u00eddo no Brasil, por meio da Lei n\u00ba 11.121\/2005 como o Dia Nacional em Mem\u00f3ria das V\u00edtimas de Acidentes e Doen\u00e7as do Trabalho.<\/span><\/p>\n<p style=\"text-align: justify;\"><span style=\"font-weight: 400;\">O Brasil contribui significativamente para a estat\u00edstica mundial, estando classificado como quarto colocado no ranking de acidentes de trabalho fatais. Os custos dos acidentes de trabalho s\u00e3o elevados e de dif\u00edcil contabiliza\u00e7\u00e3o, mesmo em pa\u00edses com importantes avan\u00e7os na preven\u00e7\u00e3o. Estima-se que 4% do Produto Interno Bruto (PIB) global seja perdido por doen\u00e7as e agravos ocupacionais, o que pode aumentar em 10% quando se trata de pa\u00edses em desenvolvimento, como o Brasil.<\/span><\/p>\n<p style=\"text-align: justify;\"><span style=\"font-weight: 400;\">Como trabalhador ou empregador voc\u00ea age de forma preventiva e observa as normas relacionadas \u00e0 seguran\u00e7a e sa\u00fade no trabalho?<\/span><\/p>\n","protected":false},"excerpt":{"rendered":"<p>A data foi escolhida em raz\u00e3o de um acidente que matou 78 trabalhadores em uma mina no estado da Virg\u00ednia, nos Estados Unidos no ano de 1969. A OIT, desde 2003, consagra a data \u00e0 reflex\u00e3o sobre a seguran\u00e7a e sa\u00fade do trabalhador e, desde maio de 2005, o dia 28 foi institu\u00eddo no Brasil, [&hellip;]<\/p>\n","protected":false},"author":2,"featured_media":881,"comment_status":"open","ping_status":"open","sticky":false,"template":"","format":"standard","meta":{"_monsterinsights_skip_tracking":false,"_monsterinsights_sitenote_active":false,"_monsterinsights_sitenote_note":"","_monsterinsights_sitenote_category":0,"footnotes":""},"categories":[1],"tags":[],"yst_prominent_words":[],"_links":{"self":[{"href":"https:\/\/www.caetanoadvogados.adv.br\/site\/wp-json\/wp\/v2\/posts\/887"}],"collection":[{"href":"https:\/\/www.caetanoadvogados.adv.br\/site\/wp-json\/wp\/v2\/posts"}],"about":[{"href":"https:\/\/www.caetanoadvogados.adv.br\/site\/wp-json\/wp\/v2\/types\/post"}],"author":[{"embeddable":true,"href":"https:\/\/www.caetanoadvogados.adv.br\/site\/wp-json\/wp\/v2\/users\/2"}],"replies":[{"embeddable":true,"href":"https:\/\/www.caetanoadvogados.adv.br\/site\/wp-json\/wp\/v2\/comments?post=887"}],"version-history":[{"count":1,"href":"https:\/\/www.caetanoadvogados.adv.br\/site\/wp-json\/wp\/v2\/posts\/887\/revisions"}],"predecessor-version":[{"id":888,"href":"https:\/\/www.caetanoadvogados.adv.br\/site\/wp-json\/wp\/v2\/posts\/887\/revisions\/888"}],"wp:featuredmedia":[{"embeddable":true,"href":"https:\/\/www.caetanoadvogados.adv.br\/site\/wp-json\/wp\/v2\/media\/881"}],"wp:attachment":[{"href":"https:\/\/www.caetanoadvogados.adv.br\/site\/wp-json\/wp\/v2\/media?parent=887"}],"wp:term":[{"taxonomy":"category","embeddable":true,"href":"https:\/\/www.caetanoadvogados.adv.br\/site\/wp-json\/wp\/v2\/categories?post=887"},{"taxonomy":"post_tag","embeddable":true,"href":"https:\/\/www.caetanoadvogados.adv.br\/site\/wp-json\/wp\/v2\/tags?post=887"},{"taxonomy":"yst_prominent_words","embeddable":true,"href":"https:\/\/www.caetanoadvogados.adv.br\/site\/wp-json\/wp\/v2\/yst_prominent_words?post=887"}],"curies":[{"name":"wp","href":"https:\/\/api.w.org\/{rel}","templated":true}]}}