{"id":885,"date":"2022-04-19T09:00:19","date_gmt":"2022-04-19T09:00:19","guid":{"rendered":"http:\/\/caetanoadvogados.adv.br\/site\/?p=885"},"modified":"2022-04-05T12:22:51","modified_gmt":"2022-04-05T12:22:51","slug":"lei-geral-de-protecao-de-dados-e-o-direito-constitucional","status":"publish","type":"post","link":"https:\/\/www.caetanoadvogados.adv.br\/site\/lei-geral-de-protecao-de-dados-e-o-direito-constitucional\/","title":{"rendered":"Lei Geral de Prote\u00e7\u00e3o de Dados e o Direito Constitucional"},"content":{"rendered":"<p style=\"text-align: justify;\"><span style=\"font-weight: 400;\">Voc\u00ea sabia que a Emenda Constitucional n\u00ba 115 incluiu a prote\u00e7\u00e3o de dados pessoais entre os direitos e garantias fundamentais e fixou a compet\u00eancia privativa da Uni\u00e3o para legislar sobre prote\u00e7\u00e3o e tratamento de dados pessoais? E voc\u00ea? Est\u00e1 atuando preventivamente e cumprindo a Lei Geral de Prote\u00e7\u00e3o de Dados? Em caso de d\u00favida, consulte o jur\u00eddico de sua confian\u00e7a.<\/span><\/p>\n","protected":false},"excerpt":{"rendered":"<p>Voc\u00ea sabia que a Emenda Constitucional n\u00ba 115 incluiu a prote\u00e7\u00e3o de dados pessoais entre os direitos e garantias fundamentais e fixou a compet\u00eancia privativa da Uni\u00e3o para legislar sobre prote\u00e7\u00e3o e tratamento de dados pessoais? E voc\u00ea? Est\u00e1 atuando preventivamente e cumprindo a Lei Geral de Prote\u00e7\u00e3o de Dados? Em caso de d\u00favida, consulte [&hellip;]<\/p>\n","protected":false},"author":2,"featured_media":880,"comment_status":"open","ping_status":"open","sticky":false,"template":"","format":"standard","meta":{"_monsterinsights_skip_tracking":false,"_monsterinsights_sitenote_active":false,"_monsterinsights_sitenote_note":"","_monsterinsights_sitenote_category":0,"footnotes":""},"categories":[1],"tags":[],"yst_prominent_words":[],"_links":{"self":[{"href":"https:\/\/www.caetanoadvogados.adv.br\/site\/wp-json\/wp\/v2\/posts\/885"}],"collection":[{"href":"https:\/\/www.caetanoadvogados.adv.br\/site\/wp-json\/wp\/v2\/posts"}],"about":[{"href":"https:\/\/www.caetanoadvogados.adv.br\/site\/wp-json\/wp\/v2\/types\/post"}],"author":[{"embeddable":true,"href":"https:\/\/www.caetanoadvogados.adv.br\/site\/wp-json\/wp\/v2\/users\/2"}],"replies":[{"embeddable":true,"href":"https:\/\/www.caetanoadvogados.adv.br\/site\/wp-json\/wp\/v2\/comments?post=885"}],"version-history":[{"count":1,"href":"https:\/\/www.caetanoadvogados.adv.br\/site\/wp-json\/wp\/v2\/posts\/885\/revisions"}],"predecessor-version":[{"id":886,"href":"https:\/\/www.caetanoadvogados.adv.br\/site\/wp-json\/wp\/v2\/posts\/885\/revisions\/886"}],"wp:featuredmedia":[{"embeddable":true,"href":"https:\/\/www.caetanoadvogados.adv.br\/site\/wp-json\/wp\/v2\/media\/880"}],"wp:attachment":[{"href":"https:\/\/www.caetanoadvogados.adv.br\/site\/wp-json\/wp\/v2\/media?parent=885"}],"wp:term":[{"taxonomy":"category","embeddable":true,"href":"https:\/\/www.caetanoadvogados.adv.br\/site\/wp-json\/wp\/v2\/categories?post=885"},{"taxonomy":"post_tag","embeddable":true,"href":"https:\/\/www.caetanoadvogados.adv.br\/site\/wp-json\/wp\/v2\/tags?post=885"},{"taxonomy":"yst_prominent_words","embeddable":true,"href":"https:\/\/www.caetanoadvogados.adv.br\/site\/wp-json\/wp\/v2\/yst_prominent_words?post=885"}],"curies":[{"name":"wp","href":"https:\/\/api.w.org\/{rel}","templated":true}]}}