{"id":877,"date":"2022-04-05T12:20:17","date_gmt":"2022-04-05T12:20:17","guid":{"rendered":"http:\/\/caetanoadvogados.adv.br\/site\/?p=877"},"modified":"2022-04-05T12:20:17","modified_gmt":"2022-04-05T12:20:17","slug":"programa-emergencial-de-retomada-setor-de-eventos-fique-atento-aos-beneficios","status":"publish","type":"post","link":"https:\/\/www.caetanoadvogados.adv.br\/site\/programa-emergencial-de-retomada-setor-de-eventos-fique-atento-aos-beneficios\/","title":{"rendered":"Programa Emergencial de Retomada do Setor de Eventos. Fique atento aos benef\u00edcios!"},"content":{"rendered":"<p style=\"text-align: justify;\">Em sess\u00e3o do dia 17\/03\/2022 o Congresso Nacional derrubou o veto parcial ao Projeto de Lei no. 5.638\/2020, que relacionou uma s\u00e9rie de medidas para compensar perdas do setor de eventos com a pandemia de covid-19. Pela legisla\u00e7\u00e3o, ficam reduzidas a 0% (zero por cento) pelo prazo de 60 (sessenta) meses as al\u00edquotas dos seguintes tributos incidentes sobre o resultado auferido das empresas: I &#8211; Contribui\u00e7\u00e3o para os Programas de Integra\u00e7\u00e3o Social e de Forma\u00e7\u00e3o do Patrim\u00f4nio do Servidor P\u00fablico (Contribui\u00e7\u00e3o PIS\/Pasep); II &#8211; Contribui\u00e7\u00e3o para o Financiamento da Seguridade Social (Cofins); III &#8211; Contribui\u00e7\u00e3o Social sobre o Lucro L\u00edquido (CSLL).<\/p>\n<p style=\"text-align: justify;\">Consideram-se pertencentes ao setor de eventos as pessoas jur\u00eddicas, inclusive entidades sem fins lucrativos, que exercem as seguintes atividades econ\u00f4micas, direta ou indiretamente: I \u2013 realiza\u00e7\u00e3o ou comercializa\u00e7\u00e3o de congressos, feiras, eventos esportivos, sociais, promocionais ou culturais, feiras de neg\u00f3cios, shows, festas, festivais, simp\u00f3sios ou espet\u00e1culos em geral, casas de eventos, buffets sociais e infantis, casas noturnas e casas de espet\u00e1culos; II \u2013 hotelaria em geral; III \u2013 administra\u00e7\u00e3o de salas de exibi\u00e7\u00e3o cinematogr\u00e1fica; e IV \u2013 presta\u00e7\u00e3o de servi\u00e7os tur\u00edsticos, conforme o art. 21 da Lei n\u00ba 11.771\/2008.<\/p>\n","protected":false},"excerpt":{"rendered":"<p>Em sess\u00e3o do dia 17\/03\/2022 o Congresso Nacional derrubou o veto parcial ao Projeto de Lei no. 5.638\/2020, que relacionou uma s\u00e9rie de medidas para compensar perdas do setor de eventos com a pandemia de covid-19. Pela legisla\u00e7\u00e3o, ficam reduzidas a 0% (zero por cento) pelo prazo de 60 (sessenta) meses as al\u00edquotas dos seguintes [&hellip;]<\/p>\n","protected":false},"author":2,"featured_media":878,"comment_status":"open","ping_status":"open","sticky":false,"template":"","format":"standard","meta":{"_monsterinsights_skip_tracking":false,"_monsterinsights_sitenote_active":false,"_monsterinsights_sitenote_note":"","_monsterinsights_sitenote_category":0,"footnotes":""},"categories":[1],"tags":[],"yst_prominent_words":[],"_links":{"self":[{"href":"https:\/\/www.caetanoadvogados.adv.br\/site\/wp-json\/wp\/v2\/posts\/877"}],"collection":[{"href":"https:\/\/www.caetanoadvogados.adv.br\/site\/wp-json\/wp\/v2\/posts"}],"about":[{"href":"https:\/\/www.caetanoadvogados.adv.br\/site\/wp-json\/wp\/v2\/types\/post"}],"author":[{"embeddable":true,"href":"https:\/\/www.caetanoadvogados.adv.br\/site\/wp-json\/wp\/v2\/users\/2"}],"replies":[{"embeddable":true,"href":"https:\/\/www.caetanoadvogados.adv.br\/site\/wp-json\/wp\/v2\/comments?post=877"}],"version-history":[{"count":1,"href":"https:\/\/www.caetanoadvogados.adv.br\/site\/wp-json\/wp\/v2\/posts\/877\/revisions"}],"predecessor-version":[{"id":882,"href":"https:\/\/www.caetanoadvogados.adv.br\/site\/wp-json\/wp\/v2\/posts\/877\/revisions\/882"}],"wp:featuredmedia":[{"embeddable":true,"href":"https:\/\/www.caetanoadvogados.adv.br\/site\/wp-json\/wp\/v2\/media\/878"}],"wp:attachment":[{"href":"https:\/\/www.caetanoadvogados.adv.br\/site\/wp-json\/wp\/v2\/media?parent=877"}],"wp:term":[{"taxonomy":"category","embeddable":true,"href":"https:\/\/www.caetanoadvogados.adv.br\/site\/wp-json\/wp\/v2\/categories?post=877"},{"taxonomy":"post_tag","embeddable":true,"href":"https:\/\/www.caetanoadvogados.adv.br\/site\/wp-json\/wp\/v2\/tags?post=877"},{"taxonomy":"yst_prominent_words","embeddable":true,"href":"https:\/\/www.caetanoadvogados.adv.br\/site\/wp-json\/wp\/v2\/yst_prominent_words?post=877"}],"curies":[{"name":"wp","href":"https:\/\/api.w.org\/{rel}","templated":true}]}}