{"id":845,"date":"2022-02-22T09:00:16","date_gmt":"2022-02-22T09:00:16","guid":{"rendered":"http:\/\/caetanoadvogados.adv.br\/site\/?p=845"},"modified":"2022-02-16T20:21:04","modified_gmt":"2022-02-16T20:21:04","slug":"845-2","status":"publish","type":"post","link":"https:\/\/www.caetanoadvogados.adv.br\/site\/845-2\/","title":{"rendered":"O Supremo Tribunal Federal (STF) j\u00e1 tem maioria de votos contra a incid\u00eancia do imposto de renda em pens\u00f5es aliment\u00edcias."},"content":{"rendered":"<p style=\"text-align: justify;\">O Supremo Tribunal Federal (STF) j\u00e1 tem maioria de votos contra a incid\u00eancia do imposto de renda em pens\u00f5es aliment\u00edcias. O julgamento da A\u00e7\u00e3o Direta de Inconstitucionalidade \u2013 ADI 5.422, movida pelo Instituto Brasileiro de Direito de Fam\u00edlia \u2013 IBDFAM. At\u00e9 o momento, o placar \u00e9 de 6 votos a 0 para afastar a tributa\u00e7\u00e3o. A vota\u00e7\u00e3o est\u00e1 suspensa ap\u00f3s pedido de destaque do ministro Gilmar Mendes.<\/p>\n<p>Em seu voto, o ministro relator, Dias Toffoli, acolheu o pedido do IBDFAM para dar interpreta\u00e7\u00e3o conforme \u00e0 Constitui\u00e7\u00e3o Federal e afastar a incid\u00eancia do imposto de renda sobre valores decorrentes do direito de fam\u00edlia percebidos pelos alimentados a t\u00edtulo de alimentos ou de pens\u00f5es aliment\u00edcias.<\/p>\n<p>Autor do primeiro voto-vista, Lu\u00eds Roberto Barroso retornou com uma an\u00e1lise em outubro, acompanhando o relator. Barroso prop\u00f4s a tese de que \u201c\u00e9 inconstitucional a incid\u00eancia de imposto de renda sobre os alimentos ou pens\u00f5es aliment\u00edcias quando fundados no Direito de Fam\u00edlia\u201d.<\/p>\n<p>O ministro Alexandre de Moraes, que pediu vista ao caso em 2021, tamb\u00e9m acompanhou o relator. Ele defendeu que \u201cn\u00e3o \u00e9 a origem do pagamento da verba que justifica a isen\u00e7\u00e3o do imposto, mas a sua finalidade constitucional, voltada \u00e0 garantia do m\u00ednimo existencial de indiv\u00edduo que n\u00e3o possui capacidade econ\u00f4mica para tanto\u201d.<\/p>\n<p>Os ministros Ricardo Lewandowski, Carmem L\u00facia e Rosa Weber tamb\u00e9m seguiram o posicionamento adotado pelo relator Dias Toffoli, em conson\u00e2ncia com os argumentos do IBDFAM.<\/p>\n<p>O ministro Gilmar Mendes apresentou pedido de destaque para que o julgamento seja interrompido, retirado do plen\u00e1rio virtual e encaminhado para julgamento no ambiente f\u00edsico e segue agora sem previs\u00e3o de ser finalizado.<\/p>\n","protected":false},"excerpt":{"rendered":"<p>O Supremo Tribunal Federal (STF) j\u00e1 tem maioria de votos contra a incid\u00eancia do imposto de renda em pens\u00f5es aliment\u00edcias. O julgamento da A\u00e7\u00e3o Direta de Inconstitucionalidade \u2013 ADI 5.422, movida pelo Instituto Brasileiro de Direito de Fam\u00edlia \u2013 IBDFAM. At\u00e9 o momento, o placar \u00e9 de 6 votos a 0 para afastar a tributa\u00e7\u00e3o. [&hellip;]<\/p>\n","protected":false},"author":2,"featured_media":846,"comment_status":"open","ping_status":"open","sticky":false,"template":"","format":"standard","meta":{"_monsterinsights_skip_tracking":false,"_monsterinsights_sitenote_active":false,"_monsterinsights_sitenote_note":"","_monsterinsights_sitenote_category":0,"footnotes":""},"categories":[1],"tags":[],"yst_prominent_words":[],"_links":{"self":[{"href":"https:\/\/www.caetanoadvogados.adv.br\/site\/wp-json\/wp\/v2\/posts\/845"}],"collection":[{"href":"https:\/\/www.caetanoadvogados.adv.br\/site\/wp-json\/wp\/v2\/posts"}],"about":[{"href":"https:\/\/www.caetanoadvogados.adv.br\/site\/wp-json\/wp\/v2\/types\/post"}],"author":[{"embeddable":true,"href":"https:\/\/www.caetanoadvogados.adv.br\/site\/wp-json\/wp\/v2\/users\/2"}],"replies":[{"embeddable":true,"href":"https:\/\/www.caetanoadvogados.adv.br\/site\/wp-json\/wp\/v2\/comments?post=845"}],"version-history":[{"count":3,"href":"https:\/\/www.caetanoadvogados.adv.br\/site\/wp-json\/wp\/v2\/posts\/845\/revisions"}],"predecessor-version":[{"id":849,"href":"https:\/\/www.caetanoadvogados.adv.br\/site\/wp-json\/wp\/v2\/posts\/845\/revisions\/849"}],"wp:featuredmedia":[{"embeddable":true,"href":"https:\/\/www.caetanoadvogados.adv.br\/site\/wp-json\/wp\/v2\/media\/846"}],"wp:attachment":[{"href":"https:\/\/www.caetanoadvogados.adv.br\/site\/wp-json\/wp\/v2\/media?parent=845"}],"wp:term":[{"taxonomy":"category","embeddable":true,"href":"https:\/\/www.caetanoadvogados.adv.br\/site\/wp-json\/wp\/v2\/categories?post=845"},{"taxonomy":"post_tag","embeddable":true,"href":"https:\/\/www.caetanoadvogados.adv.br\/site\/wp-json\/wp\/v2\/tags?post=845"},{"taxonomy":"yst_prominent_words","embeddable":true,"href":"https:\/\/www.caetanoadvogados.adv.br\/site\/wp-json\/wp\/v2\/yst_prominent_words?post=845"}],"curies":[{"name":"wp","href":"https:\/\/api.w.org\/{rel}","templated":true}]}}