{"id":800,"date":"2021-12-21T09:00:42","date_gmt":"2021-12-21T09:00:42","guid":{"rendered":"http:\/\/caetanoadvogados.adv.br\/site\/?p=800"},"modified":"2021-12-01T15:10:32","modified_gmt":"2021-12-01T15:10:32","slug":"periodo-de-recesso-no-judiciario-estadual-rs","status":"publish","type":"post","link":"https:\/\/www.caetanoadvogados.adv.br\/site\/periodo-de-recesso-no-judiciario-estadual-rs\/","title":{"rendered":"Per\u00edodo de Recesso no Judici\u00e1rio Estadual do RS"},"content":{"rendered":"<p style=\"text-align: justify;\">O \u00d3rg\u00e3o Especial do TJRS aprovou a suspens\u00e3o dos prazos processuais no per\u00edodo de 20 de dezembro de 2021 a 20 de janeiro de 2022. Nesse mesmo per\u00edodo, entre outros, fica vedada a realiza\u00e7\u00e3o de audi\u00eancias e de sess\u00f5es de julgamento.<\/p>\n","protected":false},"excerpt":{"rendered":"<p>O \u00d3rg\u00e3o Especial do TJRS aprovou a suspens\u00e3o dos prazos processuais no per\u00edodo de 20 de dezembro de 2021 a 20 de janeiro de 2022. Nesse mesmo per\u00edodo, entre outros, fica vedada a realiza\u00e7\u00e3o de audi\u00eancias e de sess\u00f5es de julgamento.<\/p>\n","protected":false},"author":2,"featured_media":801,"comment_status":"open","ping_status":"open","sticky":false,"template":"","format":"standard","meta":{"_monsterinsights_skip_tracking":false,"_monsterinsights_sitenote_active":false,"_monsterinsights_sitenote_note":"","_monsterinsights_sitenote_category":0,"footnotes":""},"categories":[1],"tags":[],"yst_prominent_words":[],"_links":{"self":[{"href":"https:\/\/www.caetanoadvogados.adv.br\/site\/wp-json\/wp\/v2\/posts\/800"}],"collection":[{"href":"https:\/\/www.caetanoadvogados.adv.br\/site\/wp-json\/wp\/v2\/posts"}],"about":[{"href":"https:\/\/www.caetanoadvogados.adv.br\/site\/wp-json\/wp\/v2\/types\/post"}],"author":[{"embeddable":true,"href":"https:\/\/www.caetanoadvogados.adv.br\/site\/wp-json\/wp\/v2\/users\/2"}],"replies":[{"embeddable":true,"href":"https:\/\/www.caetanoadvogados.adv.br\/site\/wp-json\/wp\/v2\/comments?post=800"}],"version-history":[{"count":1,"href":"https:\/\/www.caetanoadvogados.adv.br\/site\/wp-json\/wp\/v2\/posts\/800\/revisions"}],"predecessor-version":[{"id":802,"href":"https:\/\/www.caetanoadvogados.adv.br\/site\/wp-json\/wp\/v2\/posts\/800\/revisions\/802"}],"wp:featuredmedia":[{"embeddable":true,"href":"https:\/\/www.caetanoadvogados.adv.br\/site\/wp-json\/wp\/v2\/media\/801"}],"wp:attachment":[{"href":"https:\/\/www.caetanoadvogados.adv.br\/site\/wp-json\/wp\/v2\/media?parent=800"}],"wp:term":[{"taxonomy":"category","embeddable":true,"href":"https:\/\/www.caetanoadvogados.adv.br\/site\/wp-json\/wp\/v2\/categories?post=800"},{"taxonomy":"post_tag","embeddable":true,"href":"https:\/\/www.caetanoadvogados.adv.br\/site\/wp-json\/wp\/v2\/tags?post=800"},{"taxonomy":"yst_prominent_words","embeddable":true,"href":"https:\/\/www.caetanoadvogados.adv.br\/site\/wp-json\/wp\/v2\/yst_prominent_words?post=800"}],"curies":[{"name":"wp","href":"https:\/\/api.w.org\/{rel}","templated":true}]}}