{"id":754,"date":"2021-10-05T09:00:33","date_gmt":"2021-10-05T09:00:33","guid":{"rendered":"http:\/\/caetanoadvogados.adv.br\/site\/?p=754"},"modified":"2021-09-08T12:12:07","modified_gmt":"2021-09-08T12:12:07","slug":"estou-utilizando-o-imovel-locado-para-outro-fim-ha-alguma-consequencia","status":"publish","type":"post","link":"https:\/\/www.caetanoadvogados.adv.br\/site\/estou-utilizando-o-imovel-locado-para-outro-fim-ha-alguma-consequencia\/","title":{"rendered":"Estou utilizando o im\u00f3vel locado para outro fim. H\u00e1 alguma consequ\u00eancia?"},"content":{"rendered":"<p style=\"text-align: justify;\">Voc\u00ea sabia que o C\u00f3digo Civil prev\u00ea que se o locat\u00e1rio empregar a coisa em uso diverso do ajustado, ou do a que se destina, ou se ela se danificar por abuso do locat\u00e1rio, poder\u00e1 o locador, al\u00e9m de rescindir o contrato, exigir perdas e danos?<\/p>\n","protected":false},"excerpt":{"rendered":"<p>Voc\u00ea sabia que o C\u00f3digo Civil prev\u00ea que se o locat\u00e1rio empregar a coisa em uso diverso do ajustado, ou do a que se destina, ou se ela se danificar por abuso do locat\u00e1rio, poder\u00e1 o locador, al\u00e9m de rescindir o contrato, exigir perdas e danos?<\/p>\n","protected":false},"author":2,"featured_media":755,"comment_status":"open","ping_status":"open","sticky":false,"template":"","format":"standard","meta":{"_monsterinsights_skip_tracking":false,"_monsterinsights_sitenote_active":false,"_monsterinsights_sitenote_note":"","_monsterinsights_sitenote_category":0,"footnotes":""},"categories":[1],"tags":[],"yst_prominent_words":[],"_links":{"self":[{"href":"https:\/\/www.caetanoadvogados.adv.br\/site\/wp-json\/wp\/v2\/posts\/754"}],"collection":[{"href":"https:\/\/www.caetanoadvogados.adv.br\/site\/wp-json\/wp\/v2\/posts"}],"about":[{"href":"https:\/\/www.caetanoadvogados.adv.br\/site\/wp-json\/wp\/v2\/types\/post"}],"author":[{"embeddable":true,"href":"https:\/\/www.caetanoadvogados.adv.br\/site\/wp-json\/wp\/v2\/users\/2"}],"replies":[{"embeddable":true,"href":"https:\/\/www.caetanoadvogados.adv.br\/site\/wp-json\/wp\/v2\/comments?post=754"}],"version-history":[{"count":1,"href":"https:\/\/www.caetanoadvogados.adv.br\/site\/wp-json\/wp\/v2\/posts\/754\/revisions"}],"predecessor-version":[{"id":756,"href":"https:\/\/www.caetanoadvogados.adv.br\/site\/wp-json\/wp\/v2\/posts\/754\/revisions\/756"}],"wp:featuredmedia":[{"embeddable":true,"href":"https:\/\/www.caetanoadvogados.adv.br\/site\/wp-json\/wp\/v2\/media\/755"}],"wp:attachment":[{"href":"https:\/\/www.caetanoadvogados.adv.br\/site\/wp-json\/wp\/v2\/media?parent=754"}],"wp:term":[{"taxonomy":"category","embeddable":true,"href":"https:\/\/www.caetanoadvogados.adv.br\/site\/wp-json\/wp\/v2\/categories?post=754"},{"taxonomy":"post_tag","embeddable":true,"href":"https:\/\/www.caetanoadvogados.adv.br\/site\/wp-json\/wp\/v2\/tags?post=754"},{"taxonomy":"yst_prominent_words","embeddable":true,"href":"https:\/\/www.caetanoadvogados.adv.br\/site\/wp-json\/wp\/v2\/yst_prominent_words?post=754"}],"curies":[{"name":"wp","href":"https:\/\/api.w.org\/{rel}","templated":true}]}}