{"id":746,"date":"2021-09-04T15:47:01","date_gmt":"2021-09-04T15:47:01","guid":{"rendered":"http:\/\/caetanoadvogados.adv.br\/site\/?p=746"},"modified":"2021-09-04T15:47:01","modified_gmt":"2021-09-04T15:47:01","slug":"assinei-um-contrato-de-compra-e-venda-que-preve-que-serei-responsavel-pelos-riscos-da-eviccao-o-que-e-eviccao","status":"publish","type":"post","link":"https:\/\/www.caetanoadvogados.adv.br\/site\/assinei-um-contrato-de-compra-e-venda-que-preve-que-serei-responsavel-pelos-riscos-da-eviccao-o-que-e-eviccao\/","title":{"rendered":"Assinei um contrato de compra e venda que prev\u00ea que serei respons\u00e1vel pelos riscos da evic\u00e7\u00e3o. O que \u00e9 Evic\u00e7\u00e3o?"},"content":{"rendered":"<p>Assinei um contrato de compra e venda que prev\u00ea que serei respons\u00e1vel pelos riscos da evic\u00e7\u00e3o. O que \u00e9 Evic\u00e7\u00e3o? Evic\u00e7\u00e3o \u00e9 a perda da posse, propriedade ou uso de determinado bem ou coisa. Ocorre em raz\u00e3o de uma senten\u00e7a judicial que atribui a terceiro, alheio \u00e0 rela\u00e7\u00e3o obrigacional, os direitos sobre o bem que j\u00e1 lhe era devido antes de ter ocorrido o neg\u00f3cio jur\u00eddico entre as partes.<\/p>\n","protected":false},"excerpt":{"rendered":"<p>Assinei um contrato de compra e venda que prev\u00ea que serei respons\u00e1vel pelos riscos da evic\u00e7\u00e3o. O que \u00e9 Evic\u00e7\u00e3o? Evic\u00e7\u00e3o \u00e9 a perda da posse, propriedade ou uso de determinado bem ou coisa. Ocorre em raz\u00e3o de uma senten\u00e7a judicial que atribui a terceiro, alheio \u00e0 rela\u00e7\u00e3o obrigacional, os direitos sobre o bem que [&hellip;]<\/p>\n","protected":false},"author":2,"featured_media":747,"comment_status":"open","ping_status":"open","sticky":false,"template":"","format":"standard","meta":{"_monsterinsights_skip_tracking":false,"_monsterinsights_sitenote_active":false,"_monsterinsights_sitenote_note":"","_monsterinsights_sitenote_category":0,"footnotes":""},"categories":[1],"tags":[],"yst_prominent_words":[],"_links":{"self":[{"href":"https:\/\/www.caetanoadvogados.adv.br\/site\/wp-json\/wp\/v2\/posts\/746"}],"collection":[{"href":"https:\/\/www.caetanoadvogados.adv.br\/site\/wp-json\/wp\/v2\/posts"}],"about":[{"href":"https:\/\/www.caetanoadvogados.adv.br\/site\/wp-json\/wp\/v2\/types\/post"}],"author":[{"embeddable":true,"href":"https:\/\/www.caetanoadvogados.adv.br\/site\/wp-json\/wp\/v2\/users\/2"}],"replies":[{"embeddable":true,"href":"https:\/\/www.caetanoadvogados.adv.br\/site\/wp-json\/wp\/v2\/comments?post=746"}],"version-history":[{"count":1,"href":"https:\/\/www.caetanoadvogados.adv.br\/site\/wp-json\/wp\/v2\/posts\/746\/revisions"}],"predecessor-version":[{"id":748,"href":"https:\/\/www.caetanoadvogados.adv.br\/site\/wp-json\/wp\/v2\/posts\/746\/revisions\/748"}],"wp:featuredmedia":[{"embeddable":true,"href":"https:\/\/www.caetanoadvogados.adv.br\/site\/wp-json\/wp\/v2\/media\/747"}],"wp:attachment":[{"href":"https:\/\/www.caetanoadvogados.adv.br\/site\/wp-json\/wp\/v2\/media?parent=746"}],"wp:term":[{"taxonomy":"category","embeddable":true,"href":"https:\/\/www.caetanoadvogados.adv.br\/site\/wp-json\/wp\/v2\/categories?post=746"},{"taxonomy":"post_tag","embeddable":true,"href":"https:\/\/www.caetanoadvogados.adv.br\/site\/wp-json\/wp\/v2\/tags?post=746"},{"taxonomy":"yst_prominent_words","embeddable":true,"href":"https:\/\/www.caetanoadvogados.adv.br\/site\/wp-json\/wp\/v2\/yst_prominent_words?post=746"}],"curies":[{"name":"wp","href":"https:\/\/api.w.org\/{rel}","templated":true}]}}