{"id":718,"date":"2021-08-01T20:08:08","date_gmt":"2021-08-01T20:08:08","guid":{"rendered":"http:\/\/caetanoadvogados.adv.br\/site\/?p=718"},"modified":"2021-07-21T20:18:19","modified_gmt":"2021-07-21T20:18:19","slug":"iptu-quem-paga-locador-ou-locatario","status":"publish","type":"post","link":"https:\/\/www.caetanoadvogados.adv.br\/site\/iptu-quem-paga-locador-ou-locatario\/","title":{"rendered":"IPTU: quem paga? Locador ou locat\u00e1rio?"},"content":{"rendered":"<p style=\"text-align: justify;\">O respons\u00e1vel final pelo pagamento do IPTU junto ao Munic\u00edpio \u00e9 sempre o dono da propriedade e n\u00e3o quem aluga. Contudo, a Lei n\u00ba 8.245\/1991, tamb\u00e9m conhecida como Lei do Inquilinato, prev\u00ea que o dono de um im\u00f3vel pode incluir no contrato de loca\u00e7\u00e3o uma cl\u00e1usula dizendo que o locat\u00e1rio dever\u00e1 pagar o IPTU junto a outras despesas, como aluguel e condom\u00ednio.<\/p>\n<p style=\"text-align: justify;\">\n","protected":false},"excerpt":{"rendered":"<p>O respons\u00e1vel final pelo pagamento do IPTU junto ao Munic\u00edpio \u00e9 sempre o dono da propriedade e n\u00e3o quem aluga. Contudo, a Lei n\u00ba 8.245\/1991, tamb\u00e9m conhecida como Lei do Inquilinato, prev\u00ea que o dono de um im\u00f3vel pode incluir no contrato de loca\u00e7\u00e3o uma cl\u00e1usula dizendo que o locat\u00e1rio dever\u00e1 pagar o IPTU junto [&hellip;]<\/p>\n","protected":false},"author":2,"featured_media":733,"comment_status":"open","ping_status":"open","sticky":false,"template":"","format":"standard","meta":{"_monsterinsights_skip_tracking":false,"_monsterinsights_sitenote_active":false,"_monsterinsights_sitenote_note":"","_monsterinsights_sitenote_category":0,"footnotes":""},"categories":[1],"tags":[],"yst_prominent_words":[],"_links":{"self":[{"href":"https:\/\/www.caetanoadvogados.adv.br\/site\/wp-json\/wp\/v2\/posts\/718"}],"collection":[{"href":"https:\/\/www.caetanoadvogados.adv.br\/site\/wp-json\/wp\/v2\/posts"}],"about":[{"href":"https:\/\/www.caetanoadvogados.adv.br\/site\/wp-json\/wp\/v2\/types\/post"}],"author":[{"embeddable":true,"href":"https:\/\/www.caetanoadvogados.adv.br\/site\/wp-json\/wp\/v2\/users\/2"}],"replies":[{"embeddable":true,"href":"https:\/\/www.caetanoadvogados.adv.br\/site\/wp-json\/wp\/v2\/comments?post=718"}],"version-history":[{"count":1,"href":"https:\/\/www.caetanoadvogados.adv.br\/site\/wp-json\/wp\/v2\/posts\/718\/revisions"}],"predecessor-version":[{"id":719,"href":"https:\/\/www.caetanoadvogados.adv.br\/site\/wp-json\/wp\/v2\/posts\/718\/revisions\/719"}],"wp:featuredmedia":[{"embeddable":true,"href":"https:\/\/www.caetanoadvogados.adv.br\/site\/wp-json\/wp\/v2\/media\/733"}],"wp:attachment":[{"href":"https:\/\/www.caetanoadvogados.adv.br\/site\/wp-json\/wp\/v2\/media?parent=718"}],"wp:term":[{"taxonomy":"category","embeddable":true,"href":"https:\/\/www.caetanoadvogados.adv.br\/site\/wp-json\/wp\/v2\/categories?post=718"},{"taxonomy":"post_tag","embeddable":true,"href":"https:\/\/www.caetanoadvogados.adv.br\/site\/wp-json\/wp\/v2\/tags?post=718"},{"taxonomy":"yst_prominent_words","embeddable":true,"href":"https:\/\/www.caetanoadvogados.adv.br\/site\/wp-json\/wp\/v2\/yst_prominent_words?post=718"}],"curies":[{"name":"wp","href":"https:\/\/api.w.org\/{rel}","templated":true}]}}