{"id":652,"date":"2021-06-02T01:50:40","date_gmt":"2021-06-02T01:50:40","guid":{"rendered":"http:\/\/www.caetanoadvogados.adv.br\/site\/?p=652"},"modified":"2021-06-02T01:50:40","modified_gmt":"2021-06-02T01:50:40","slug":"porque-e-essencial-emitir-nf-nas-operacoes-realizadas-com-cartao-de-credito","status":"publish","type":"post","link":"https:\/\/www.caetanoadvogados.adv.br\/site\/porque-e-essencial-emitir-nf-nas-operacoes-realizadas-com-cartao-de-credito\/","title":{"rendered":"PORQUE \u00c9 ESSENCIAL EMITIR NF NAS OPERA\u00c7\u00d5ES REALIZADAS COM CART\u00c3O DE CR\u00c9DITO?"},"content":{"rendered":"<div class=\"\" data-block=\"true\" data-editor=\"1vsjp\" data-offset-key=\"6fhef-0-0\">\n<div class=\"_1mf _1mj\" style=\"text-align: justify;\" data-offset-key=\"6fhef-0-0\"><span data-offset-key=\"6fhef-0-0\">Ainda nos deparamos com empresas que n\u00e3o emitem nota fiscal referente as vendas realizadas no cart\u00e3o de cr\u00e9dito, acreditando que os \u00f3rg\u00e3os de fiscaliza\u00e7\u00e3o n\u00e3o tem acesso a essas transa\u00e7\u00f5es. Ocorre que desde 2003 a Receita Federal instituiu a DECRED (Declara\u00e7\u00e3o de Opera\u00e7\u00f5es com Cart\u00f5es de Cr\u00e9dito), atrav\u00e9s da Instru\u00e7\u00e3o Normativa SRF n\u00ba 341\/2003. Mas o que isso significa? Significa que as administradoras de cart\u00e3o de cr\u00e9dito est\u00e3o obrigadas a enviar para a Receita Federal semestralmente todas as informa\u00e7\u00f5es referente as opera\u00e7\u00f5es efetuadas no cart\u00e3o de cr\u00e9dito, compreendendo a identifica\u00e7\u00e3o dos usu\u00e1rios dos servi\u00e7os e dos montantes globais mensalmente movimentados.<\/span><\/div>\n<\/div>\n<div class=\"\" data-block=\"true\" data-editor=\"1vsjp\" data-offset-key=\"c5nhh-0-0\">\n<div class=\"_1mf _1mj\" style=\"text-align: justify;\" data-offset-key=\"c5nhh-0-0\"><span data-offset-key=\"c5nhh-0-0\">.<\/span><\/div>\n<\/div>\n","protected":false},"excerpt":{"rendered":"<p>Ainda nos deparamos com empresas que n\u00e3o emitem nota fiscal referente as vendas realizadas no cart\u00e3o de cr\u00e9dito, acreditando que os \u00f3rg\u00e3os de fiscaliza\u00e7\u00e3o n\u00e3o tem acesso a essas transa\u00e7\u00f5es. Ocorre que desde 2003 a Receita Federal instituiu a DECRED (Declara\u00e7\u00e3o de Opera\u00e7\u00f5es com Cart\u00f5es de Cr\u00e9dito), atrav\u00e9s da Instru\u00e7\u00e3o Normativa SRF n\u00ba 341\/2003. Mas [&hellip;]<\/p>\n","protected":false},"author":2,"featured_media":653,"comment_status":"open","ping_status":"open","sticky":false,"template":"","format":"standard","meta":{"_monsterinsights_skip_tracking":false,"_monsterinsights_sitenote_active":false,"_monsterinsights_sitenote_note":"","_monsterinsights_sitenote_category":0,"footnotes":""},"categories":[1],"tags":[],"yst_prominent_words":[],"_links":{"self":[{"href":"https:\/\/www.caetanoadvogados.adv.br\/site\/wp-json\/wp\/v2\/posts\/652"}],"collection":[{"href":"https:\/\/www.caetanoadvogados.adv.br\/site\/wp-json\/wp\/v2\/posts"}],"about":[{"href":"https:\/\/www.caetanoadvogados.adv.br\/site\/wp-json\/wp\/v2\/types\/post"}],"author":[{"embeddable":true,"href":"https:\/\/www.caetanoadvogados.adv.br\/site\/wp-json\/wp\/v2\/users\/2"}],"replies":[{"embeddable":true,"href":"https:\/\/www.caetanoadvogados.adv.br\/site\/wp-json\/wp\/v2\/comments?post=652"}],"version-history":[{"count":1,"href":"https:\/\/www.caetanoadvogados.adv.br\/site\/wp-json\/wp\/v2\/posts\/652\/revisions"}],"predecessor-version":[{"id":654,"href":"https:\/\/www.caetanoadvogados.adv.br\/site\/wp-json\/wp\/v2\/posts\/652\/revisions\/654"}],"wp:featuredmedia":[{"embeddable":true,"href":"https:\/\/www.caetanoadvogados.adv.br\/site\/wp-json\/wp\/v2\/media\/653"}],"wp:attachment":[{"href":"https:\/\/www.caetanoadvogados.adv.br\/site\/wp-json\/wp\/v2\/media?parent=652"}],"wp:term":[{"taxonomy":"category","embeddable":true,"href":"https:\/\/www.caetanoadvogados.adv.br\/site\/wp-json\/wp\/v2\/categories?post=652"},{"taxonomy":"post_tag","embeddable":true,"href":"https:\/\/www.caetanoadvogados.adv.br\/site\/wp-json\/wp\/v2\/tags?post=652"},{"taxonomy":"yst_prominent_words","embeddable":true,"href":"https:\/\/www.caetanoadvogados.adv.br\/site\/wp-json\/wp\/v2\/yst_prominent_words?post=652"}],"curies":[{"name":"wp","href":"https:\/\/api.w.org\/{rel}","templated":true}]}}