{"id":638,"date":"2021-06-01T09:00:27","date_gmt":"2021-06-01T09:00:27","guid":{"rendered":"http:\/\/caetanoadvogados.adv.br\/site\/?p=638"},"modified":"2021-05-31T22:00:34","modified_gmt":"2021-05-31T22:00:34","slug":"mei-pode-receber-fgts-e-pis-em-alguma-situacao","status":"publish","type":"post","link":"https:\/\/www.caetanoadvogados.adv.br\/site\/mei-pode-receber-fgts-e-pis-em-alguma-situacao\/","title":{"rendered":"MEI PODE RECEBER FGTS E PIS EM ALGUMA SITUA\u00c7\u00c3O?"},"content":{"rendered":"<div class=\"\" data-block=\"true\" data-editor=\"4hii6\" data-offset-key=\"a61b1-0-0\">\n<div class=\"_1mf _1mj\" data-offset-key=\"a61b1-0-0\"><span data-offset-key=\"a61b1-0-0\">Muitos microempreendedores individuais, quando abrem o CNPJ, ficam com d\u00favidas sobre o recebimentos do FGTS e do PIS, at\u00e9 ent\u00e3o benef\u00edcios pagos para trabalhadores no regime CLT. Os MEIs n\u00e3o tem direito aos benef\u00edcios quando a \u00fanica atividade exercida \u00e9 por este meio. Entretanto, no caso do MEI que possui carteira assinada por outro empregador, que tenha um neg\u00f3cio como MEI e tamb\u00e9m trabalha de carteira assinada, \u00e9 poss\u00edvel sim o recebimento do PIS, desde que as regras para recebimento do abono sejam atendidas.<\/span><\/div>\n<\/div>\n<div class=\"\" data-block=\"true\" data-editor=\"4hii6\" data-offset-key=\"62uaj-0-0\">\n<div class=\"_1mf _1mj\" data-offset-key=\"62uaj-0-0\"><span data-offset-key=\"62uaj-0-0\">.<\/span><\/div>\n<\/div>\n<div class=\"\" data-block=\"true\" data-editor=\"4hii6\" data-offset-key=\"3hoj7-0-0\">\n<div class=\"_1mf _1mj\" data-offset-key=\"3hoj7-0-0\"><span data-offset-key=\"3hoj7-0-0\">&#x1f449; Os benefici\u00e1rios do PIS\/PASEP s\u00e3o:<\/span><\/div>\n<\/div>\n<div class=\"\" data-block=\"true\" data-editor=\"4hii6\" data-offset-key=\"28bv8-0-0\">\n<div class=\"_1mf _1mj\" data-offset-key=\"28bv8-0-0\"><span data-offset-key=\"28bv8-0-0\">.<\/span><\/div>\n<\/div>\n<div class=\"\" data-block=\"true\" data-editor=\"4hii6\" data-offset-key=\"28gt0-0-0\">\n<div class=\"_1mf _1mj\" data-offset-key=\"28gt0-0-0\"><span data-offset-key=\"28gt0-0-0\">\u25cf Trabalhadores que possuem o cadastro de PIS\/PASEP h\u00e1 pelo menos 5 anos;<\/span><\/div>\n<\/div>\n<div class=\"\" data-block=\"true\" data-editor=\"4hii6\" data-offset-key=\"ghi0-0-0\">\n<div class=\"_1mf _1mj\" data-offset-key=\"ghi0-0-0\"><span data-offset-key=\"ghi0-0-0\">\u25cf Trabalhadores que tenham recebido no m\u00e1ximo dois sal\u00e1rios m\u00ednimos por m\u00eas, no ano anterior ao pagamento do PIS;<\/span><\/div>\n<\/div>\n<div class=\"\" data-block=\"true\" data-editor=\"4hii6\" data-offset-key=\"f6h2f-0-0\">\n<div class=\"_1mf _1mj\" data-offset-key=\"f6h2f-0-0\"><span data-offset-key=\"f6h2f-0-0\">\u25cf Trabalhadores que tenham trabalhado pelo menos 30 dias, no ano anterior;<\/span><\/div>\n<\/div>\n<div class=\"\" data-block=\"true\" data-editor=\"4hii6\" data-offset-key=\"d704e-0-0\">\n<div class=\"_1mf _1mj\" data-offset-key=\"d704e-0-0\"><span data-offset-key=\"d704e-0-0\">\u25cf Trabalhadores que tenham seus dados informados corretamente na RAIS referente ao ano anterior ao ano vigente.<\/span><\/div>\n<\/div>\n<div class=\"\" data-block=\"true\" data-editor=\"4hii6\" data-offset-key=\"fc45b-0-0\">\n<div class=\"_1mf _1mj\" data-offset-key=\"fc45b-0-0\"><span data-offset-key=\"fc45b-0-0\">.<\/span><\/div>\n<\/div>\n<div class=\"\" data-block=\"true\" data-editor=\"4hii6\" data-offset-key=\"1did6-0-0\">\n<div class=\"_1mf _1mj\" data-offset-key=\"1did6-0-0\"><span data-offset-key=\"1did6-0-0\">Nesse caso, o fato de ser MEI n\u00e3o tem nenhum tipo de influ\u00eancia, pois a regra existe para favorecer e \u00e9 direito de quem trabalha com carteira assinada. Outro ponto de aten\u00e7\u00e3o \u00e9 que, caso o sal\u00e1rio em carteira + o rendimento do MEI ultrapasse o valor de dois sal\u00e1rios m\u00ednimos, o mesmo n\u00e3o ter\u00e1 direito ao PIS, pois n\u00e3o se enquadra nas regras do benef\u00edcio.<\/span><\/div>\n<\/div>\n<div class=\"\" data-block=\"true\" data-editor=\"4hii6\" data-offset-key=\"ahhsa-0-0\">\n<div class=\"_1mf _1mj\" data-offset-key=\"ahhsa-0-0\"><span data-offset-key=\"ahhsa-0-0\">.<\/span><\/div>\n<\/div>\n<div class=\"\" data-block=\"true\" data-editor=\"4hii6\" data-offset-key=\"a9goi-0-0\">\n<div class=\"_1mf _1mj\" data-offset-key=\"a9goi-0-0\"><span data-offset-key=\"a9goi-0-0\">&#x1f449; FGTS e MEI<\/span><\/div>\n<\/div>\n<div class=\"\" data-block=\"true\" data-editor=\"4hii6\" data-offset-key=\"dqfu9-0-0\">\n<div class=\"_1mf _1mj\" data-offset-key=\"dqfu9-0-0\"><span data-offset-key=\"dqfu9-0-0\">.<\/span><\/div>\n<\/div>\n<div class=\"\" data-block=\"true\" data-editor=\"4hii6\" data-offset-key=\"eplms-0-0\">\n<div class=\"_1mf _1mj\" data-offset-key=\"eplms-0-0\"><span data-offset-key=\"eplms-0-0\">Em rela\u00e7\u00e3o ao FGTS, muitas pessoas que est\u00e3o prestes a sair de um trabalho para tentar algo novo ou sabem que v\u00e3o ser demitidas e abrem um CNPJ para tentar empreender, ficam em d\u00favida se, ao se tornar MEI, perde o direito ao FGTS nessa situa\u00e7\u00e3o. E n\u00e3o, o cidad\u00e3o que abrir um CNPJ n\u00e3o perde direito ao recebimento do Fundo de Garantia. No momento da dispensa sem a justa causa, cabe ao empregado o direito de saque do seu Fundo de Garantia, tendo aberto ou n\u00e3o um CNPJ em seu nome.<\/span><\/div>\n<\/div>\n<div class=\"\" data-block=\"true\" data-editor=\"4hii6\" data-offset-key=\"fuqkg-0-0\">\n<div class=\"_1mf _1mj\" data-offset-key=\"fuqkg-0-0\"><span data-offset-key=\"fuqkg-0-0\">.<\/span><\/div>\n<\/div>\n<div class=\"\" data-block=\"true\" data-editor=\"4hii6\" data-offset-key=\"6u46-0-0\">\n<div class=\"_1mf _1mj\" data-offset-key=\"6u46-0-0\"><span data-offset-key=\"6u46-0-0\">Clique no link na nossa bio e leia mais! &#x1f91d; &#x1f60a;<\/span><\/div>\n<\/div>\n<div class=\"\" data-block=\"true\" data-editor=\"4hii6\" data-offset-key=\"d0edk-0-0\">\n<div class=\"_1mf _1mj\" data-offset-key=\"d0edk-0-0\"><span data-offset-key=\"d0edk-0-0\">.<\/span><\/div>\n<\/div>\n<div class=\"\" data-block=\"true\" data-editor=\"4hii6\" data-offset-key=\"5r6i9-0-0\">\n<div class=\"_1mf _1mj\" data-offset-key=\"5r6i9-0-0\"><span data-offset-key=\"5r6i9-0-0\">&#x1f449; Conhe\u00e7a mais em www.caetanoadvogados.adv.br<\/span><\/div>\n<\/div>\n<div class=\"\" data-block=\"true\" data-editor=\"4hii6\" data-offset-key=\"8dhes-0-0\">\n<div class=\"_1mf _1mj\" data-offset-key=\"8dhes-0-0\"><span data-offset-key=\"8dhes-0-0\">.<\/span><\/div>\n<\/div>\n<div class=\"\" data-block=\"true\" data-editor=\"4hii6\" data-offset-key=\"4pven-0-0\">\n<div class=\"_1mf _1mj\" data-offset-key=\"4pven-0-0\"><span class=\"_5zk7\" spellcheck=\"false\" data-offset-key=\"4pven-0-0\"><span data-offset-key=\"4pven-0-0\">#caetanoadvogados<\/span><\/span> <span class=\"_5zk7\" spellcheck=\"false\" data-offset-key=\"4pven-2-0\"><span data-offset-key=\"4pven-2-0\">#advogados<\/span><\/span> <span class=\"_5zk7\" spellcheck=\"false\" data-offset-key=\"4pven-4-0\"><span data-offset-key=\"4pven-4-0\">#advocacia<\/span><\/span> <span class=\"_5zk7\" spellcheck=\"false\" data-offset-key=\"4pven-6-0\"><span data-offset-key=\"4pven-6-0\">#jur\u00eddico<\/span><\/span> <span class=\"_5zk7\" spellcheck=\"false\" data-offset-key=\"4pven-8-0\"><span data-offset-key=\"4pven-8-0\">#trabalhista<\/span><\/span> <span class=\"_5zk7\" spellcheck=\"false\" data-offset-key=\"4pven-10-0\"><span data-offset-key=\"4pven-10-0\">#previdenci\u00e1rio<\/span><\/span> <span class=\"_5zk7\" spellcheck=\"false\" data-offset-key=\"4pven-12-0\"><span data-offset-key=\"4pven-12-0\">#escrit\u00f3riodeadvocacia<\/span><\/span><\/div>\n<\/div>\n","protected":false},"excerpt":{"rendered":"<p>Muitos microempreendedores individuais, quando abrem o CNPJ, ficam com d\u00favidas sobre o recebimentos do FGTS e do PIS, at\u00e9 ent\u00e3o benef\u00edcios pagos para trabalhadores no regime CLT. Os MEIs n\u00e3o tem direito aos benef\u00edcios quando a \u00fanica atividade exercida \u00e9 por este meio. Entretanto, no caso do MEI que possui carteira assinada por outro empregador, [&hellip;]<\/p>\n","protected":false},"author":2,"featured_media":639,"comment_status":"open","ping_status":"open","sticky":false,"template":"","format":"standard","meta":{"_monsterinsights_skip_tracking":false,"_monsterinsights_sitenote_active":false,"_monsterinsights_sitenote_note":"","_monsterinsights_sitenote_category":0,"footnotes":""},"categories":[1],"tags":[],"yst_prominent_words":[],"_links":{"self":[{"href":"https:\/\/www.caetanoadvogados.adv.br\/site\/wp-json\/wp\/v2\/posts\/638"}],"collection":[{"href":"https:\/\/www.caetanoadvogados.adv.br\/site\/wp-json\/wp\/v2\/posts"}],"about":[{"href":"https:\/\/www.caetanoadvogados.adv.br\/site\/wp-json\/wp\/v2\/types\/post"}],"author":[{"embeddable":true,"href":"https:\/\/www.caetanoadvogados.adv.br\/site\/wp-json\/wp\/v2\/users\/2"}],"replies":[{"embeddable":true,"href":"https:\/\/www.caetanoadvogados.adv.br\/site\/wp-json\/wp\/v2\/comments?post=638"}],"version-history":[{"count":1,"href":"https:\/\/www.caetanoadvogados.adv.br\/site\/wp-json\/wp\/v2\/posts\/638\/revisions"}],"predecessor-version":[{"id":640,"href":"https:\/\/www.caetanoadvogados.adv.br\/site\/wp-json\/wp\/v2\/posts\/638\/revisions\/640"}],"wp:featuredmedia":[{"embeddable":true,"href":"https:\/\/www.caetanoadvogados.adv.br\/site\/wp-json\/wp\/v2\/media\/639"}],"wp:attachment":[{"href":"https:\/\/www.caetanoadvogados.adv.br\/site\/wp-json\/wp\/v2\/media?parent=638"}],"wp:term":[{"taxonomy":"category","embeddable":true,"href":"https:\/\/www.caetanoadvogados.adv.br\/site\/wp-json\/wp\/v2\/categories?post=638"},{"taxonomy":"post_tag","embeddable":true,"href":"https:\/\/www.caetanoadvogados.adv.br\/site\/wp-json\/wp\/v2\/tags?post=638"},{"taxonomy":"yst_prominent_words","embeddable":true,"href":"https:\/\/www.caetanoadvogados.adv.br\/site\/wp-json\/wp\/v2\/yst_prominent_words?post=638"}],"curies":[{"name":"wp","href":"https:\/\/api.w.org\/{rel}","templated":true}]}}