{"id":583,"date":"2021-04-13T09:00:40","date_gmt":"2021-04-13T09:00:40","guid":{"rendered":"http:\/\/caetanoadvogados.adv.br\/site\/?p=583"},"modified":"2021-04-06T01:10:53","modified_gmt":"2021-04-06T01:10:53","slug":"foi-promulgada-no-dia-26-03-2021-lei-que-preve-uma-compensacao-financeira-de-r-50-mil-aos-profissionais-e-trabalhadores-de-saude-incapacitados-para-o-trabalho-em-virtude-da-covid-19-lei-14-128","status":"publish","type":"post","link":"https:\/\/www.caetanoadvogados.adv.br\/site\/foi-promulgada-no-dia-26-03-2021-lei-que-preve-uma-compensacao-financeira-de-r-50-mil-aos-profissionais-e-trabalhadores-de-saude-incapacitados-para-o-trabalho-em-virtude-da-covid-19-lei-14-128\/","title":{"rendered":"Foi promulgada no dia 26\/03\/2021 a lei que prev\u00ea uma compensa\u00e7\u00e3o financeira de R$ 50 mil aos profissionais e trabalhadores de sa\u00fade incapacitados para o trabalho em virtude da covid-19 (Lei 14.128)"},"content":{"rendered":"<p>A lei tamb\u00e9m prev\u00ea a indeniza\u00e7\u00e3o de R$ 50 mil aos dependentes dos profissionais que morrerem pela doen\u00e7a, por estarem atuando no enfrentamento da Covid-19. Est\u00e3o inclu\u00eddas categorias como profissionais de n\u00edvel superior reconhecidos no Conselho Nacional de Sa\u00fade (CNS); profissionais de n\u00edvel t\u00e9cnico vinculados \u00e0 \u00e1rea de sa\u00fade; agentes comunit\u00e1rios de sa\u00fade ou de combate a endemias, que tenham feito visitas domiciliares durante a pandemia; e aqueles que, mesmo n\u00e3o exercendo atividades-fim de sa\u00fade, ajudam a operacionalizar o atendimento.<\/p>\n<p><strong>Fonte:<\/strong> https:\/\/www12.senado.leg.br\/noticias\/materias\/2021\/03\/29\/promulgada-lei-que-indeniza-profissionais-de-saude-incapacitados-pela-covid-19<\/p>\n","protected":false},"excerpt":{"rendered":"<p>A lei tamb\u00e9m prev\u00ea a indeniza\u00e7\u00e3o de R$ 50 mil aos dependentes dos profissionais que morrerem pela doen\u00e7a, por estarem atuando no enfrentamento da Covid-19. Est\u00e3o inclu\u00eddas categorias como profissionais de n\u00edvel superior reconhecidos no Conselho Nacional de Sa\u00fade (CNS); profissionais de n\u00edvel t\u00e9cnico vinculados \u00e0 \u00e1rea de sa\u00fade; agentes comunit\u00e1rios de sa\u00fade ou de [&hellip;]<\/p>\n","protected":false},"author":2,"featured_media":584,"comment_status":"open","ping_status":"open","sticky":false,"template":"","format":"standard","meta":{"_monsterinsights_skip_tracking":false,"_monsterinsights_sitenote_active":false,"_monsterinsights_sitenote_note":"","_monsterinsights_sitenote_category":0,"footnotes":""},"categories":[1],"tags":[],"yst_prominent_words":[],"_links":{"self":[{"href":"https:\/\/www.caetanoadvogados.adv.br\/site\/wp-json\/wp\/v2\/posts\/583"}],"collection":[{"href":"https:\/\/www.caetanoadvogados.adv.br\/site\/wp-json\/wp\/v2\/posts"}],"about":[{"href":"https:\/\/www.caetanoadvogados.adv.br\/site\/wp-json\/wp\/v2\/types\/post"}],"author":[{"embeddable":true,"href":"https:\/\/www.caetanoadvogados.adv.br\/site\/wp-json\/wp\/v2\/users\/2"}],"replies":[{"embeddable":true,"href":"https:\/\/www.caetanoadvogados.adv.br\/site\/wp-json\/wp\/v2\/comments?post=583"}],"version-history":[{"count":1,"href":"https:\/\/www.caetanoadvogados.adv.br\/site\/wp-json\/wp\/v2\/posts\/583\/revisions"}],"predecessor-version":[{"id":585,"href":"https:\/\/www.caetanoadvogados.adv.br\/site\/wp-json\/wp\/v2\/posts\/583\/revisions\/585"}],"wp:featuredmedia":[{"embeddable":true,"href":"https:\/\/www.caetanoadvogados.adv.br\/site\/wp-json\/wp\/v2\/media\/584"}],"wp:attachment":[{"href":"https:\/\/www.caetanoadvogados.adv.br\/site\/wp-json\/wp\/v2\/media?parent=583"}],"wp:term":[{"taxonomy":"category","embeddable":true,"href":"https:\/\/www.caetanoadvogados.adv.br\/site\/wp-json\/wp\/v2\/categories?post=583"},{"taxonomy":"post_tag","embeddable":true,"href":"https:\/\/www.caetanoadvogados.adv.br\/site\/wp-json\/wp\/v2\/tags?post=583"},{"taxonomy":"yst_prominent_words","embeddable":true,"href":"https:\/\/www.caetanoadvogados.adv.br\/site\/wp-json\/wp\/v2\/yst_prominent_words?post=583"}],"curies":[{"name":"wp","href":"https:\/\/api.w.org\/{rel}","templated":true}]}}