{"id":563,"date":"2021-03-16T13:35:13","date_gmt":"2021-03-16T13:35:13","guid":{"rendered":"http:\/\/caetanoadvogados.adv.br\/site\/?p=563"},"modified":"2021-03-16T13:35:13","modified_gmt":"2021-03-16T13:35:13","slug":"meus-equipamentos-eletricos-queimaram-logo-apos-uma-queda-de-energia-o-que-faco","status":"publish","type":"post","link":"https:\/\/www.caetanoadvogados.adv.br\/site\/meus-equipamentos-eletricos-queimaram-logo-apos-uma-queda-de-energia-o-que-faco\/","title":{"rendered":"Meus equipamentos el\u00e9tricos queimaram logo ap\u00f3s uma queda de energia. O que fa\u00e7o?"},"content":{"rendered":"<p style=\"text-align: justify;\">Voc\u00ea sabia que de acordo com o C\u00f3digo de Defesa do Consumidor e com a Resolu\u00e7\u00e3o 414\/2010, da ANEEL, as concession\u00e1rias de energia el\u00e9trica podem, sim, ser responsabilizadas por preju\u00edzos causados pela falta de energia ou descargas el\u00e9tricas capazes de produzir danos em equipamentos?<\/p>\n","protected":false},"excerpt":{"rendered":"<p>Voc\u00ea sabia que de acordo com o C\u00f3digo de Defesa do Consumidor e com a Resolu\u00e7\u00e3o 414\/2010, da ANEEL, as concession\u00e1rias de energia el\u00e9trica podem, sim, ser responsabilizadas por preju\u00edzos causados pela falta de energia ou descargas el\u00e9tricas capazes de produzir danos em equipamentos?<\/p>\n","protected":false},"author":2,"featured_media":564,"comment_status":"open","ping_status":"open","sticky":false,"template":"","format":"standard","meta":{"_monsterinsights_skip_tracking":false,"_monsterinsights_sitenote_active":false,"_monsterinsights_sitenote_note":"","_monsterinsights_sitenote_category":0,"footnotes":""},"categories":[1],"tags":[],"yst_prominent_words":[],"_links":{"self":[{"href":"https:\/\/www.caetanoadvogados.adv.br\/site\/wp-json\/wp\/v2\/posts\/563"}],"collection":[{"href":"https:\/\/www.caetanoadvogados.adv.br\/site\/wp-json\/wp\/v2\/posts"}],"about":[{"href":"https:\/\/www.caetanoadvogados.adv.br\/site\/wp-json\/wp\/v2\/types\/post"}],"author":[{"embeddable":true,"href":"https:\/\/www.caetanoadvogados.adv.br\/site\/wp-json\/wp\/v2\/users\/2"}],"replies":[{"embeddable":true,"href":"https:\/\/www.caetanoadvogados.adv.br\/site\/wp-json\/wp\/v2\/comments?post=563"}],"version-history":[{"count":1,"href":"https:\/\/www.caetanoadvogados.adv.br\/site\/wp-json\/wp\/v2\/posts\/563\/revisions"}],"predecessor-version":[{"id":565,"href":"https:\/\/www.caetanoadvogados.adv.br\/site\/wp-json\/wp\/v2\/posts\/563\/revisions\/565"}],"wp:featuredmedia":[{"embeddable":true,"href":"https:\/\/www.caetanoadvogados.adv.br\/site\/wp-json\/wp\/v2\/media\/564"}],"wp:attachment":[{"href":"https:\/\/www.caetanoadvogados.adv.br\/site\/wp-json\/wp\/v2\/media?parent=563"}],"wp:term":[{"taxonomy":"category","embeddable":true,"href":"https:\/\/www.caetanoadvogados.adv.br\/site\/wp-json\/wp\/v2\/categories?post=563"},{"taxonomy":"post_tag","embeddable":true,"href":"https:\/\/www.caetanoadvogados.adv.br\/site\/wp-json\/wp\/v2\/tags?post=563"},{"taxonomy":"yst_prominent_words","embeddable":true,"href":"https:\/\/www.caetanoadvogados.adv.br\/site\/wp-json\/wp\/v2\/yst_prominent_words?post=563"}],"curies":[{"name":"wp","href":"https:\/\/api.w.org\/{rel}","templated":true}]}}