{"id":560,"date":"2021-03-16T13:34:07","date_gmt":"2021-03-16T13:34:07","guid":{"rendered":"http:\/\/caetanoadvogados.adv.br\/site\/?p=560"},"modified":"2021-03-16T13:34:07","modified_gmt":"2021-03-16T13:34:07","slug":"comprei-um-produto-e-ele-apresentou-defeito-qual-o-prazo-para-reclamar","status":"publish","type":"post","link":"https:\/\/www.caetanoadvogados.adv.br\/site\/comprei-um-produto-e-ele-apresentou-defeito-qual-o-prazo-para-reclamar\/","title":{"rendered":"Comprei um produto e ele apresentou defeito. Qual o prazo para reclamar?"},"content":{"rendered":"<p style=\"text-align: justify;\">O consumidor poder\u00e1 reclamar dos defeitos (v\u00edcios) aparentes ou de f\u00e1cil constata\u00e7\u00e3o em 30 dias no caso de produtos ou servi\u00e7os n\u00e3o dur\u00e1veis, e em 90 dias para produtos ou servi\u00e7os dur\u00e1veis. Mas voc\u00ea sabia que, segundo o C\u00f3digo de Defesa do Consumidor, n\u00e3o sendo o v\u00edcio sanado no prazo m\u00e1ximo de trinta dias, pode o consumidor exigir, alternativamente e \u00e0 sua escolha: a substitui\u00e7\u00e3o do produto por outro da mesma esp\u00e9cie, em perfeitas condi\u00e7\u00f5es de uso; a restitui\u00e7\u00e3o imediata da quantia paga, monetariamente atualizada, sem preju\u00edzo de eventuais perdas e danos; ou o abatimento proporcional do pre\u00e7o.<\/p>\n","protected":false},"excerpt":{"rendered":"<p>O consumidor poder\u00e1 reclamar dos defeitos (v\u00edcios) aparentes ou de f\u00e1cil constata\u00e7\u00e3o em 30 dias no caso de produtos ou servi\u00e7os n\u00e3o dur\u00e1veis, e em 90 dias para produtos ou servi\u00e7os dur\u00e1veis. Mas voc\u00ea sabia que, segundo o C\u00f3digo de Defesa do Consumidor, n\u00e3o sendo o v\u00edcio sanado no prazo m\u00e1ximo de trinta dias, pode [&hellip;]<\/p>\n","protected":false},"author":2,"featured_media":561,"comment_status":"open","ping_status":"open","sticky":false,"template":"","format":"standard","meta":{"_monsterinsights_skip_tracking":false,"_monsterinsights_sitenote_active":false,"_monsterinsights_sitenote_note":"","_monsterinsights_sitenote_category":0,"footnotes":""},"categories":[1],"tags":[],"yst_prominent_words":[],"_links":{"self":[{"href":"https:\/\/www.caetanoadvogados.adv.br\/site\/wp-json\/wp\/v2\/posts\/560"}],"collection":[{"href":"https:\/\/www.caetanoadvogados.adv.br\/site\/wp-json\/wp\/v2\/posts"}],"about":[{"href":"https:\/\/www.caetanoadvogados.adv.br\/site\/wp-json\/wp\/v2\/types\/post"}],"author":[{"embeddable":true,"href":"https:\/\/www.caetanoadvogados.adv.br\/site\/wp-json\/wp\/v2\/users\/2"}],"replies":[{"embeddable":true,"href":"https:\/\/www.caetanoadvogados.adv.br\/site\/wp-json\/wp\/v2\/comments?post=560"}],"version-history":[{"count":1,"href":"https:\/\/www.caetanoadvogados.adv.br\/site\/wp-json\/wp\/v2\/posts\/560\/revisions"}],"predecessor-version":[{"id":562,"href":"https:\/\/www.caetanoadvogados.adv.br\/site\/wp-json\/wp\/v2\/posts\/560\/revisions\/562"}],"wp:featuredmedia":[{"embeddable":true,"href":"https:\/\/www.caetanoadvogados.adv.br\/site\/wp-json\/wp\/v2\/media\/561"}],"wp:attachment":[{"href":"https:\/\/www.caetanoadvogados.adv.br\/site\/wp-json\/wp\/v2\/media?parent=560"}],"wp:term":[{"taxonomy":"category","embeddable":true,"href":"https:\/\/www.caetanoadvogados.adv.br\/site\/wp-json\/wp\/v2\/categories?post=560"},{"taxonomy":"post_tag","embeddable":true,"href":"https:\/\/www.caetanoadvogados.adv.br\/site\/wp-json\/wp\/v2\/tags?post=560"},{"taxonomy":"yst_prominent_words","embeddable":true,"href":"https:\/\/www.caetanoadvogados.adv.br\/site\/wp-json\/wp\/v2\/yst_prominent_words?post=560"}],"curies":[{"name":"wp","href":"https:\/\/api.w.org\/{rel}","templated":true}]}}