{"id":348,"date":"2018-01-18T11:07:32","date_gmt":"2018-01-18T11:07:32","guid":{"rendered":"http:\/\/www.caetanoadvogados.adv.br\/site\/?p=348"},"modified":"2018-01-18T11:07:55","modified_gmt":"2018-01-18T11:07:55","slug":"cultura-da-advocacia-preventiva-por-silvio-caetano","status":"publish","type":"post","link":"https:\/\/www.caetanoadvogados.adv.br\/site\/cultura-da-advocacia-preventiva-por-silvio-caetano\/","title":{"rendered":"A CULTURA DA ADVOCACIA PREVENTIVA por SILVIO CAETANO"},"content":{"rendered":"<p style=\"text-align: justify;\">H\u00e1 mais de 30 anos estamos dissipando a import\u00e2ncia da advocacia preventiva, principalmente voltada \u00e0 assessoria empresarial, que nos \u00e9 mais afeta. Ao nosso sentir, e pela experi\u00eancia desse longo per\u00edodo, sempre foi o melhor rem\u00e9dio na minimiza\u00e7\u00e3o de custos e na redu\u00e7\u00e3o de a\u00e7\u00f5es administrativas, extrajudiciais e judiciais. Temos a possibilidade de atacar o problema no seu nascedouro e ofertar a melhor ferramenta para a solu\u00e7\u00e3o de cada caso espec\u00edfico.<\/p>\n<p style=\"text-align: justify;\">Todavia, o dia a dia nos tem demonstrado o contr\u00e1rio. Apesar desse long\u00ednquo per\u00edodo da nossa prega\u00e7\u00e3o, a cultura da advocacia preventiva ainda n\u00e3o se encontra efetivamente arraigada no meio empresarial. O sentimento \u00e9 de que \u201cenquanto n\u00e3o existir o problema melhor n\u00e3o tentar detect\u00e1-lo\u201d, quando o racioc\u00ednio deveria ser inverso. \u00c9 muito mais salutar visualizar a dificuldade enquanto \u00ednfima. Invariavelmente fizemos analogia com a \u00e1rea m\u00e9dica. Poucos s\u00e3o os pacientes que rotineiramente realizam visitas m\u00e9dicas antes que o organismo acuse alguma enfermidade. Ou seja, n\u00e3o se tem a vis\u00e3o de que se o problema for detectado e tratado em tempo h\u00e1bil o seu controle ou extin\u00e7\u00e3o ter\u00e1 repercuss\u00e3o muito menos danosa. Assim procede na \u00e1rea jur\u00eddica. Precisamos eliminar a causa na origem para n\u00e3o termos que percorrer os mal\u00e9ficos inconvenientes do seu efeito.<\/p>\n<p style=\"text-align: justify;\">Como visto, at\u00e9 agora abord\u00e1vamos a import\u00e2ncia do apoio jur\u00eddico na interpreta\u00e7\u00e3o e no enfrentamento das mat\u00e9rias correlatas \u00e0 legisla\u00e7\u00e3o trabalhista sob o manto da lei vigente desde os idos de 1943, j\u00e1 ultrapassada aos olhos de muitos.<\/p>\n<p style=\"text-align: justify;\">Atualmente, estamos nos deparando com outra realidade. A da nova legisla\u00e7\u00e3o trabalhista, grifada com a numera\u00e7\u00e3o 13.467, em vigor desde 11\/11\/2017, que sofreu in\u00fameros avan\u00e7os ou in\u00fameros retrocessos, dependendo do olhar de cada cidad\u00e3o brasileiro. Favor\u00e1vel para alguns e desfavor\u00e1vel para outros. De toda maneira, n\u00e3o se tem d\u00favidas de que agora, mais do que nunca, os enfrentamentos e as batalhas ir\u00e3o sofrer novos contornos e a interven\u00e7\u00e3o jur\u00eddica di\u00e1ria se torna imprescind\u00edvel para equacionar da forma menos gravosa as quest\u00f5es apresentadas. Assuntos conduzidos e bem norteados juridicamente equacionam incont\u00e1veis demandas administrativas, extrajudiciais e judiciais, significando palp\u00e1vel redu\u00e7\u00e3o de custos. E \u00e9 na advocacia preventiva que vamos alcan\u00e7ar os melhores resultados, raz\u00e3o que nos motiva a continuar pregando a cultura de que o melhor caminho \u00e9 o da preven\u00e7\u00e3o.<\/p>\n<p>&nbsp;<\/p>\n<p><strong>Silvio Renato Caetano<\/strong><\/p>\n<p>Advogado &#8211; OAB\/RS 23.760<\/p>\n<p>&nbsp;<\/p>\n<p>&nbsp;<\/p>\n","protected":false},"excerpt":{"rendered":"<p>H\u00e1 mais de 30 anos estamos dissipando a import\u00e2ncia da advocacia preventiva, principalmente voltada \u00e0 assessoria empresarial, que nos \u00e9 mais afeta. Ao nosso sentir, e pela experi\u00eancia desse longo per\u00edodo, sempre foi o melhor rem\u00e9dio na minimiza\u00e7\u00e3o de custos e na redu\u00e7\u00e3o de a\u00e7\u00f5es administrativas, extrajudiciais e judiciais. Temos a possibilidade de atacar o [&hellip;]<\/p>\n","protected":false},"author":4,"featured_media":349,"comment_status":"open","ping_status":"open","sticky":false,"template":"","format":"standard","meta":{"_monsterinsights_skip_tracking":false,"_monsterinsights_sitenote_active":false,"_monsterinsights_sitenote_note":"","_monsterinsights_sitenote_category":0,"footnotes":""},"categories":[1],"tags":[],"yst_prominent_words":[],"_links":{"self":[{"href":"https:\/\/www.caetanoadvogados.adv.br\/site\/wp-json\/wp\/v2\/posts\/348"}],"collection":[{"href":"https:\/\/www.caetanoadvogados.adv.br\/site\/wp-json\/wp\/v2\/posts"}],"about":[{"href":"https:\/\/www.caetanoadvogados.adv.br\/site\/wp-json\/wp\/v2\/types\/post"}],"author":[{"embeddable":true,"href":"https:\/\/www.caetanoadvogados.adv.br\/site\/wp-json\/wp\/v2\/users\/4"}],"replies":[{"embeddable":true,"href":"https:\/\/www.caetanoadvogados.adv.br\/site\/wp-json\/wp\/v2\/comments?post=348"}],"version-history":[{"count":1,"href":"https:\/\/www.caetanoadvogados.adv.br\/site\/wp-json\/wp\/v2\/posts\/348\/revisions"}],"predecessor-version":[{"id":350,"href":"https:\/\/www.caetanoadvogados.adv.br\/site\/wp-json\/wp\/v2\/posts\/348\/revisions\/350"}],"wp:featuredmedia":[{"embeddable":true,"href":"https:\/\/www.caetanoadvogados.adv.br\/site\/wp-json\/wp\/v2\/media\/349"}],"wp:attachment":[{"href":"https:\/\/www.caetanoadvogados.adv.br\/site\/wp-json\/wp\/v2\/media?parent=348"}],"wp:term":[{"taxonomy":"category","embeddable":true,"href":"https:\/\/www.caetanoadvogados.adv.br\/site\/wp-json\/wp\/v2\/categories?post=348"},{"taxonomy":"post_tag","embeddable":true,"href":"https:\/\/www.caetanoadvogados.adv.br\/site\/wp-json\/wp\/v2\/tags?post=348"},{"taxonomy":"yst_prominent_words","embeddable":true,"href":"https:\/\/www.caetanoadvogados.adv.br\/site\/wp-json\/wp\/v2\/yst_prominent_words?post=348"}],"curies":[{"name":"wp","href":"https:\/\/api.w.org\/{rel}","templated":true}]}}