{"id":339,"date":"2017-11-23T18:30:46","date_gmt":"2017-11-23T18:30:46","guid":{"rendered":"http:\/\/www.caetanoadvogados.adv.br\/site\/?p=339"},"modified":"2017-11-23T18:31:30","modified_gmt":"2017-11-23T18:31:30","slug":"lojas-pagarao-r-80-mil-em-dano-moral-coletivo-por-propaganda-impressa-ilegivel","status":"publish","type":"post","link":"https:\/\/www.caetanoadvogados.adv.br\/site\/lojas-pagarao-r-80-mil-em-dano-moral-coletivo-por-propaganda-impressa-ilegivel\/","title":{"rendered":"Lojas pagar\u00e3o R$ 80 mil em dano moral coletivo por propaganda impressa ileg\u00edvel"},"content":{"rendered":"<p style=\"text-align: justify;\"><span style=\"font-family: Verdana; font-size: small;\">As lojas Ricardo Eletro, Insinuante, Via Varejo e Lojas Americanas foram <a href=\"http:\/\/www.migalhas.com.br\/arquivos\/2017\/11\/art20171122-05.pdf\" target=\"_blank\" rel=\"noopener\">condenadas<\/a> por dano moral coletivo pela falta de clareza em promo\u00e7\u00f5es anunciadas por meio de encartes e pe\u00e7as publicit\u00e1rias impressas. O valor foi fixado em R$ 20 mil para cada uma.\u00a0<\/span><\/p>\n<p align=\"justify\"><span style=\"font-family: Verdana; font-size: small;\">A decis\u00e3o monocr\u00e1tica \u00e9 do ministro Luis Felipe Salom\u00e3o, do STJ, que manteve ac\u00f3rd\u00e3o do TJ\/RJ, o qual <\/span><span style=\"font-family: Verdana; font-size: small;\">condenou as empresas pela dificuldade de leitura de informa\u00e7\u00f5es precisas sobre o prazo e as condi\u00e7\u00f5es das ofertas.\u00a0<\/span><\/p>\n<p align=\"justify\"><span style=\"font-family: Verdana; font-size: small;\">Para o STJ,\u00a0a utiliza\u00e7\u00e3o de letras diminutas nas pe\u00e7as publicit\u00e1rias \u00e9 incompat\u00edvel com os princ\u00edpios da transpar\u00eancia e da boa-f\u00e9. <\/span><\/p>\n<p align=\"justify\"><span style=\"font-family: Verdana; font-size: small;\">Saiba mais em:\u00a0<a href=\"http:\/\/www.migalhas.com.br\/Quentes\/17,MI269578,51045-Lojas+pagarao+R+80+mil+em+dano+moral+coletivo+por+propaganda+impressa\">http:\/\/www.migalhas.com.br\/Quentes\/17,MI269578,51045-Lojas+pagarao+R+80+mil+em+dano+moral+coletivo+por+propaganda+impressa<\/a><\/span><\/p>\n<p align=\"justify\"><em><strong>Fonte:<\/strong> <\/em>Migalhas.<\/p>\n<p>&nbsp;<\/p>\n","protected":false},"excerpt":{"rendered":"<p>As lojas Ricardo Eletro, Insinuante, Via Varejo e Lojas Americanas foram condenadas por dano moral coletivo pela falta de clareza em promo\u00e7\u00f5es anunciadas por meio de encartes e pe\u00e7as publicit\u00e1rias impressas. O valor foi fixado em R$ 20 mil para cada uma.\u00a0 A decis\u00e3o monocr\u00e1tica \u00e9 do ministro Luis Felipe Salom\u00e3o, do STJ, que manteve [&hellip;]<\/p>\n","protected":false},"author":4,"featured_media":340,"comment_status":"open","ping_status":"open","sticky":false,"template":"","format":"standard","meta":{"_monsterinsights_skip_tracking":false,"_monsterinsights_sitenote_active":false,"_monsterinsights_sitenote_note":"","_monsterinsights_sitenote_category":0,"footnotes":""},"categories":[1],"tags":[],"yst_prominent_words":[],"_links":{"self":[{"href":"https:\/\/www.caetanoadvogados.adv.br\/site\/wp-json\/wp\/v2\/posts\/339"}],"collection":[{"href":"https:\/\/www.caetanoadvogados.adv.br\/site\/wp-json\/wp\/v2\/posts"}],"about":[{"href":"https:\/\/www.caetanoadvogados.adv.br\/site\/wp-json\/wp\/v2\/types\/post"}],"author":[{"embeddable":true,"href":"https:\/\/www.caetanoadvogados.adv.br\/site\/wp-json\/wp\/v2\/users\/4"}],"replies":[{"embeddable":true,"href":"https:\/\/www.caetanoadvogados.adv.br\/site\/wp-json\/wp\/v2\/comments?post=339"}],"version-history":[{"count":2,"href":"https:\/\/www.caetanoadvogados.adv.br\/site\/wp-json\/wp\/v2\/posts\/339\/revisions"}],"predecessor-version":[{"id":342,"href":"https:\/\/www.caetanoadvogados.adv.br\/site\/wp-json\/wp\/v2\/posts\/339\/revisions\/342"}],"wp:featuredmedia":[{"embeddable":true,"href":"https:\/\/www.caetanoadvogados.adv.br\/site\/wp-json\/wp\/v2\/media\/340"}],"wp:attachment":[{"href":"https:\/\/www.caetanoadvogados.adv.br\/site\/wp-json\/wp\/v2\/media?parent=339"}],"wp:term":[{"taxonomy":"category","embeddable":true,"href":"https:\/\/www.caetanoadvogados.adv.br\/site\/wp-json\/wp\/v2\/categories?post=339"},{"taxonomy":"post_tag","embeddable":true,"href":"https:\/\/www.caetanoadvogados.adv.br\/site\/wp-json\/wp\/v2\/tags?post=339"},{"taxonomy":"yst_prominent_words","embeddable":true,"href":"https:\/\/www.caetanoadvogados.adv.br\/site\/wp-json\/wp\/v2\/yst_prominent_words?post=339"}],"curies":[{"name":"wp","href":"https:\/\/api.w.org\/{rel}","templated":true}]}}