{"id":319,"date":"2017-10-30T18:44:50","date_gmt":"2017-10-30T18:44:50","guid":{"rendered":"http:\/\/www.caetanoadvogados.adv.br\/site\/?p=319"},"modified":"2017-10-30T18:46:06","modified_gmt":"2017-10-30T18:46:06","slug":"processo-de-conversao-de-uniao-estavel-em-casamento-tambem-pode-ser-iniciado-na-justica","status":"publish","type":"post","link":"https:\/\/www.caetanoadvogados.adv.br\/site\/processo-de-conversao-de-uniao-estavel-em-casamento-tambem-pode-ser-iniciado-na-justica\/","title":{"rendered":"PROCESSO DE CONVERS\u00c3O DE UNI\u00c3O EST\u00c1VEL EM CASAMENTO TAMB\u00c9M PODE SER INICIADO NA JUSTI\u00c7A"},"content":{"rendered":"<p style=\"text-align: justify;\">A Terceira Turma do Superior Tribunal de Justi\u00e7a (STJ) reformou decis\u00e3o do Tribunal de Justi\u00e7a do Rio de Janeiro (TJRJ) que extinguiu a\u00e7\u00e3o de convers\u00e3o de uni\u00e3o est\u00e1vel em casamento, sem aprecia\u00e7\u00e3o de m\u00e9rito, em raz\u00e3o de o casal n\u00e3o ter formulado o pedido pela <span style=\"text-decoration: underline;\">via administrativa<\/span> antes de recorrer ao Judici\u00e1rio.<\/p>\n<p style=\"text-align: justify;\">Para o STJ, o processo de convers\u00e3o de uni\u00e3o est\u00e1vel em casamento tamb\u00e9m pode ser iniciado na Justi\u00e7a, uma vez que a via administrativa n\u00e3o \u00e9 exclusiva.<\/p>\n<p style=\"text-align: justify;\">Para ler a reportagem na \u00edntegra, acesse\u00a0http:\/\/www.stj.jus.br\/sites\/STJ\/default\/pt_BR\/Comunica%C3%A7%C3%A3o\/noticias\/Not%C3%ADcias\/Processo-de-convers%C3%A3o-de-uni%C3%A3o-est%C3%A1vel-em-casamento-tamb%C3%A9m-pode-ser-iniciado-na-Justi%C3%A7a<\/p>\n<p><em><strong>Fonte:\u00a0<\/strong><\/em>STJ.<\/p>\n","protected":false},"excerpt":{"rendered":"<p>A Terceira Turma do Superior Tribunal de Justi\u00e7a (STJ) reformou decis\u00e3o do Tribunal de Justi\u00e7a do Rio de Janeiro (TJRJ) que extinguiu a\u00e7\u00e3o de convers\u00e3o de uni\u00e3o est\u00e1vel em casamento, sem aprecia\u00e7\u00e3o de m\u00e9rito, em raz\u00e3o de o casal n\u00e3o ter formulado o pedido pela via administrativa antes de recorrer ao Judici\u00e1rio. Para o STJ, [&hellip;]<\/p>\n","protected":false},"author":4,"featured_media":321,"comment_status":"open","ping_status":"open","sticky":false,"template":"","format":"standard","meta":{"_monsterinsights_skip_tracking":false,"_monsterinsights_sitenote_active":false,"_monsterinsights_sitenote_note":"","_monsterinsights_sitenote_category":0,"footnotes":""},"categories":[1],"tags":[],"yst_prominent_words":[],"_links":{"self":[{"href":"https:\/\/www.caetanoadvogados.adv.br\/site\/wp-json\/wp\/v2\/posts\/319"}],"collection":[{"href":"https:\/\/www.caetanoadvogados.adv.br\/site\/wp-json\/wp\/v2\/posts"}],"about":[{"href":"https:\/\/www.caetanoadvogados.adv.br\/site\/wp-json\/wp\/v2\/types\/post"}],"author":[{"embeddable":true,"href":"https:\/\/www.caetanoadvogados.adv.br\/site\/wp-json\/wp\/v2\/users\/4"}],"replies":[{"embeddable":true,"href":"https:\/\/www.caetanoadvogados.adv.br\/site\/wp-json\/wp\/v2\/comments?post=319"}],"version-history":[{"count":1,"href":"https:\/\/www.caetanoadvogados.adv.br\/site\/wp-json\/wp\/v2\/posts\/319\/revisions"}],"predecessor-version":[{"id":320,"href":"https:\/\/www.caetanoadvogados.adv.br\/site\/wp-json\/wp\/v2\/posts\/319\/revisions\/320"}],"wp:featuredmedia":[{"embeddable":true,"href":"https:\/\/www.caetanoadvogados.adv.br\/site\/wp-json\/wp\/v2\/media\/321"}],"wp:attachment":[{"href":"https:\/\/www.caetanoadvogados.adv.br\/site\/wp-json\/wp\/v2\/media?parent=319"}],"wp:term":[{"taxonomy":"category","embeddable":true,"href":"https:\/\/www.caetanoadvogados.adv.br\/site\/wp-json\/wp\/v2\/categories?post=319"},{"taxonomy":"post_tag","embeddable":true,"href":"https:\/\/www.caetanoadvogados.adv.br\/site\/wp-json\/wp\/v2\/tags?post=319"},{"taxonomy":"yst_prominent_words","embeddable":true,"href":"https:\/\/www.caetanoadvogados.adv.br\/site\/wp-json\/wp\/v2\/yst_prominent_words?post=319"}],"curies":[{"name":"wp","href":"https:\/\/api.w.org\/{rel}","templated":true}]}}