{"id":307,"date":"2017-10-27T18:01:18","date_gmt":"2017-10-27T18:01:18","guid":{"rendered":"http:\/\/www.caetanoadvogados.adv.br\/site\/?p=307"},"modified":"2017-10-28T12:54:59","modified_gmt":"2017-10-28T12:54:59","slug":"governo-divulga-cnpj-suspensos-e-orienta-regularizacao-de-mei","status":"publish","type":"post","link":"https:\/\/www.caetanoadvogados.adv.br\/site\/governo-divulga-cnpj-suspensos-e-orienta-regularizacao-de-mei\/","title":{"rendered":"Governo divulga CNPJ suspensos e orienta regulariza\u00e7\u00e3o de MEI"},"content":{"rendered":"<p style=\"text-align: justify;\">No dia 23\/10\/2017, o Comit\u00ea para Gest\u00e3o da Rede Nacional para Simplifica\u00e7\u00e3o do Registro e da Legaliza\u00e7\u00e3o de Empresas e Neg\u00f3cios (CGSIM) divulgou no\u00a0<a href=\"http:\/\/www.portaldoempreendedor.gov.br\/\">Portal do Empreendedor<\/a> listagem de Microempreendedores Individuais (MEI) com Cadastro Nacional de Pessoa Jur\u00eddica (CNPJ) suspensos por 30 dias. Os MEI alvos dessa suspens\u00e3o s\u00e3o aqueles que n\u00e3o pagaram nenhuma guia mensal (DAS) referente aos per\u00edodos de apura\u00e7\u00e3o de 2015, 2016 e 2017 e n\u00e3o entregaram nenhuma declara\u00e7\u00e3o anual (DASN-SIMEI) referentes aos anos de 2015 e 2016. A medida visa possibilitar a regulariza\u00e7\u00e3o da situa\u00e7\u00e3o do MEI at\u00e9 o dia 22 de novembro. Caso contr\u00e1rio, ap\u00f3s o per\u00edodo, poder\u00e1 ocorrer o cancelamento definitivo do CNPJ.<\/p>\n<p>Saiba mais em:\u00a0http:\/\/www.agenciasebrae.com.br\/sites\/asn\/uf\/NA\/governo-divulga-cnpj-suspensos-e-orienta-regularizacao-de-mei,3cb0285d4994f510VgnVCM1000004c00210aRCRD<\/p>\n<p><strong><em>Fonte:\u00a0<\/em><\/strong>SEBRAE &#8211; Ag\u00eancia Sebrae de Not\u00edcias<\/p>\n","protected":false},"excerpt":{"rendered":"<p>No dia 23\/10\/2017, o Comit\u00ea para Gest\u00e3o da Rede Nacional para Simplifica\u00e7\u00e3o do Registro e da Legaliza\u00e7\u00e3o de Empresas e Neg\u00f3cios (CGSIM) divulgou no\u00a0Portal do Empreendedor listagem de Microempreendedores Individuais (MEI) com Cadastro Nacional de Pessoa Jur\u00eddica (CNPJ) suspensos por 30 dias. Os MEI alvos dessa suspens\u00e3o s\u00e3o aqueles que n\u00e3o pagaram nenhuma guia mensal [&hellip;]<\/p>\n","protected":false},"author":4,"featured_media":314,"comment_status":"open","ping_status":"open","sticky":false,"template":"","format":"standard","meta":{"_monsterinsights_skip_tracking":false,"_monsterinsights_sitenote_active":false,"_monsterinsights_sitenote_note":"","_monsterinsights_sitenote_category":0,"footnotes":""},"categories":[1],"tags":[],"yst_prominent_words":[],"_links":{"self":[{"href":"https:\/\/www.caetanoadvogados.adv.br\/site\/wp-json\/wp\/v2\/posts\/307"}],"collection":[{"href":"https:\/\/www.caetanoadvogados.adv.br\/site\/wp-json\/wp\/v2\/posts"}],"about":[{"href":"https:\/\/www.caetanoadvogados.adv.br\/site\/wp-json\/wp\/v2\/types\/post"}],"author":[{"embeddable":true,"href":"https:\/\/www.caetanoadvogados.adv.br\/site\/wp-json\/wp\/v2\/users\/4"}],"replies":[{"embeddable":true,"href":"https:\/\/www.caetanoadvogados.adv.br\/site\/wp-json\/wp\/v2\/comments?post=307"}],"version-history":[{"count":3,"href":"https:\/\/www.caetanoadvogados.adv.br\/site\/wp-json\/wp\/v2\/posts\/307\/revisions"}],"predecessor-version":[{"id":311,"href":"https:\/\/www.caetanoadvogados.adv.br\/site\/wp-json\/wp\/v2\/posts\/307\/revisions\/311"}],"wp:featuredmedia":[{"embeddable":true,"href":"https:\/\/www.caetanoadvogados.adv.br\/site\/wp-json\/wp\/v2\/media\/314"}],"wp:attachment":[{"href":"https:\/\/www.caetanoadvogados.adv.br\/site\/wp-json\/wp\/v2\/media?parent=307"}],"wp:term":[{"taxonomy":"category","embeddable":true,"href":"https:\/\/www.caetanoadvogados.adv.br\/site\/wp-json\/wp\/v2\/categories?post=307"},{"taxonomy":"post_tag","embeddable":true,"href":"https:\/\/www.caetanoadvogados.adv.br\/site\/wp-json\/wp\/v2\/tags?post=307"},{"taxonomy":"yst_prominent_words","embeddable":true,"href":"https:\/\/www.caetanoadvogados.adv.br\/site\/wp-json\/wp\/v2\/yst_prominent_words?post=307"}],"curies":[{"name":"wp","href":"https:\/\/api.w.org\/{rel}","templated":true}]}}