{"id":1069,"date":"2023-04-25T09:00:38","date_gmt":"2023-04-25T09:00:38","guid":{"rendered":"http:\/\/www.caetanoadvogados.adv.br\/site\/?p=1069"},"modified":"2023-03-30T17:19:42","modified_gmt":"2023-03-30T17:19:42","slug":"demissao-por-justa-causa-e-lgpd","status":"publish","type":"post","link":"https:\/\/www.caetanoadvogados.adv.br\/site\/demissao-por-justa-causa-e-lgpd\/","title":{"rendered":"Demiss\u00e3o por justa Causa e LGPD"},"content":{"rendered":"<p style=\"text-align: justify;\">A Justi\u00e7a do Trabalho tem confirmado demiss\u00f5es por justa causa de funcion\u00e1rios que usam dados pessoais de clientes de forma indevida. A Lei Geral de Dados Pessoais (LGPD) prev\u00ea multa em caso de vazamento de dados e, com isso, os funcion\u00e1rios tamb\u00e9m correm risco de serem demitidos. Em decis\u00f5es recentes, os magistrados consideraram como falta grave a atitude do empregado de enviar informa\u00e7\u00f5es confidenciais para o seu e-mail particular. Independentemente do prop\u00f3sito do funcion\u00e1rio com o uso dos dados ou do repasse deles a terceiros. Assim aconteceu na 10\u00aa C\u00e2mara do Tribunal Regional do Trabalho (TRT) de Campinas (15\u00aa Regi\u00e3o), que confirmou demiss\u00e3o por justa causa de uma correspondente banc\u00e1ria que enviou para seu e-mail particular &#8211; e com c\u00f3pia para terceiros &#8211; dados pessoais de clientes, como documentos, CPFs, telefones e valores de contratos de cr\u00e9dito consignado firmados.\u00a0De acordo com o processo, ela pretendia verificar se vinha recebendo a comiss\u00e3o pelas vendas de forma correta.\u00a0Em caso de d\u00favida consulte o Jur\u00eddico de sua confian\u00e7a.<\/p>\n<p style=\"text-align: justify;\">\nFonte: <a href=\"https:\/\/www.contabeis.com.br\/noticias\/54399\/lgpd-veja-quando-o-empregado-pode-ser-demitido\/\" target=\"_blank\" rel=\"noopener\">https:\/\/www.contabeis.com.br\/noticias\/54399\/lgpd-veja-quando-o-empregado-pode-ser-demitido\/<\/a><\/p>\n","protected":false},"excerpt":{"rendered":"<p>A Justi\u00e7a do Trabalho tem confirmado demiss\u00f5es por justa causa de funcion\u00e1rios que usam dados pessoais de clientes de forma indevida. A Lei Geral de Dados Pessoais (LGPD) prev\u00ea multa em caso de vazamento de dados e, com isso, os funcion\u00e1rios tamb\u00e9m correm risco de serem demitidos. Em decis\u00f5es recentes, os magistrados consideraram como falta [&hellip;]<\/p>\n","protected":false},"author":2,"featured_media":1070,"comment_status":"open","ping_status":"open","sticky":false,"template":"","format":"standard","meta":{"_monsterinsights_skip_tracking":false,"_monsterinsights_sitenote_active":false,"_monsterinsights_sitenote_note":"","_monsterinsights_sitenote_category":0,"footnotes":""},"categories":[1],"tags":[],"yst_prominent_words":[],"_links":{"self":[{"href":"https:\/\/www.caetanoadvogados.adv.br\/site\/wp-json\/wp\/v2\/posts\/1069"}],"collection":[{"href":"https:\/\/www.caetanoadvogados.adv.br\/site\/wp-json\/wp\/v2\/posts"}],"about":[{"href":"https:\/\/www.caetanoadvogados.adv.br\/site\/wp-json\/wp\/v2\/types\/post"}],"author":[{"embeddable":true,"href":"https:\/\/www.caetanoadvogados.adv.br\/site\/wp-json\/wp\/v2\/users\/2"}],"replies":[{"embeddable":true,"href":"https:\/\/www.caetanoadvogados.adv.br\/site\/wp-json\/wp\/v2\/comments?post=1069"}],"version-history":[{"count":1,"href":"https:\/\/www.caetanoadvogados.adv.br\/site\/wp-json\/wp\/v2\/posts\/1069\/revisions"}],"predecessor-version":[{"id":1071,"href":"https:\/\/www.caetanoadvogados.adv.br\/site\/wp-json\/wp\/v2\/posts\/1069\/revisions\/1071"}],"wp:featuredmedia":[{"embeddable":true,"href":"https:\/\/www.caetanoadvogados.adv.br\/site\/wp-json\/wp\/v2\/media\/1070"}],"wp:attachment":[{"href":"https:\/\/www.caetanoadvogados.adv.br\/site\/wp-json\/wp\/v2\/media?parent=1069"}],"wp:term":[{"taxonomy":"category","embeddable":true,"href":"https:\/\/www.caetanoadvogados.adv.br\/site\/wp-json\/wp\/v2\/categories?post=1069"},{"taxonomy":"post_tag","embeddable":true,"href":"https:\/\/www.caetanoadvogados.adv.br\/site\/wp-json\/wp\/v2\/tags?post=1069"},{"taxonomy":"yst_prominent_words","embeddable":true,"href":"https:\/\/www.caetanoadvogados.adv.br\/site\/wp-json\/wp\/v2\/yst_prominent_words?post=1069"}],"curies":[{"name":"wp","href":"https:\/\/api.w.org\/{rel}","templated":true}]}}