{"id":1034,"date":"2023-02-14T09:00:02","date_gmt":"2023-02-14T09:00:02","guid":{"rendered":"http:\/\/www.caetanoadvogados.adv.br\/site\/?p=1034"},"modified":"2023-02-01T14:47:37","modified_gmt":"2023-02-01T14:47:37","slug":"carnaval-e-considerado-feriado","status":"publish","type":"post","link":"https:\/\/www.caetanoadvogados.adv.br\/site\/carnaval-e-considerado-feriado\/","title":{"rendered":"Carnaval \u00e9 considerado feriado?"},"content":{"rendered":"<p><span style=\"font-weight: 400;\">Ao contr\u00e1rio do que muitos pensam, o Carnaval n\u00e3o \u00e9 considerado feriado nacional. Contudo, alguns estados ou munic\u00edpios podem oficializ\u00e1-lo como tal atrav\u00e9s de lei. Ou seja, n\u00e3o havendo lei federal, estadual ou municipal, o empregador n\u00e3o tem obriga\u00e7\u00e3o de conceder folga nestas datas ou de pagar as horas em dobro. Consulte o jur\u00eddico de sua confian\u00e7a.<\/span><\/p>\n","protected":false},"excerpt":{"rendered":"<p>Ao contr\u00e1rio do que muitos pensam, o Carnaval n\u00e3o \u00e9 considerado feriado nacional. Contudo, alguns estados ou munic\u00edpios podem oficializ\u00e1-lo como tal atrav\u00e9s de lei. Ou seja, n\u00e3o havendo lei federal, estadual ou municipal, o empregador n\u00e3o tem obriga\u00e7\u00e3o de conceder folga nestas datas ou de pagar as horas em dobro. Consulte o jur\u00eddico de [&hellip;]<\/p>\n","protected":false},"author":2,"featured_media":1035,"comment_status":"open","ping_status":"open","sticky":false,"template":"","format":"standard","meta":{"_monsterinsights_skip_tracking":false,"_monsterinsights_sitenote_active":false,"_monsterinsights_sitenote_note":"","_monsterinsights_sitenote_category":0,"footnotes":""},"categories":[1],"tags":[],"yst_prominent_words":[],"_links":{"self":[{"href":"https:\/\/www.caetanoadvogados.adv.br\/site\/wp-json\/wp\/v2\/posts\/1034"}],"collection":[{"href":"https:\/\/www.caetanoadvogados.adv.br\/site\/wp-json\/wp\/v2\/posts"}],"about":[{"href":"https:\/\/www.caetanoadvogados.adv.br\/site\/wp-json\/wp\/v2\/types\/post"}],"author":[{"embeddable":true,"href":"https:\/\/www.caetanoadvogados.adv.br\/site\/wp-json\/wp\/v2\/users\/2"}],"replies":[{"embeddable":true,"href":"https:\/\/www.caetanoadvogados.adv.br\/site\/wp-json\/wp\/v2\/comments?post=1034"}],"version-history":[{"count":1,"href":"https:\/\/www.caetanoadvogados.adv.br\/site\/wp-json\/wp\/v2\/posts\/1034\/revisions"}],"predecessor-version":[{"id":1036,"href":"https:\/\/www.caetanoadvogados.adv.br\/site\/wp-json\/wp\/v2\/posts\/1034\/revisions\/1036"}],"wp:featuredmedia":[{"embeddable":true,"href":"https:\/\/www.caetanoadvogados.adv.br\/site\/wp-json\/wp\/v2\/media\/1035"}],"wp:attachment":[{"href":"https:\/\/www.caetanoadvogados.adv.br\/site\/wp-json\/wp\/v2\/media?parent=1034"}],"wp:term":[{"taxonomy":"category","embeddable":true,"href":"https:\/\/www.caetanoadvogados.adv.br\/site\/wp-json\/wp\/v2\/categories?post=1034"},{"taxonomy":"post_tag","embeddable":true,"href":"https:\/\/www.caetanoadvogados.adv.br\/site\/wp-json\/wp\/v2\/tags?post=1034"},{"taxonomy":"yst_prominent_words","embeddable":true,"href":"https:\/\/www.caetanoadvogados.adv.br\/site\/wp-json\/wp\/v2\/yst_prominent_words?post=1034"}],"curies":[{"name":"wp","href":"https:\/\/api.w.org\/{rel}","templated":true}]}}