{"id":1004,"date":"2023-01-17T09:00:37","date_gmt":"2023-01-17T09:00:37","guid":{"rendered":"http:\/\/www.caetanoadvogados.adv.br\/site\/?p=1004"},"modified":"2022-11-22T22:56:12","modified_gmt":"2022-11-22T22:56:12","slug":"seguro-de-vida-e-cobertura-em-caso-de-suicidio","status":"publish","type":"post","link":"https:\/\/www.caetanoadvogados.adv.br\/site\/seguro-de-vida-e-cobertura-em-caso-de-suicidio\/","title":{"rendered":"Seguro de Vida e cobertura em caso de suic\u00eddio"},"content":{"rendered":"<p style=\"text-align: justify;\">Voc\u00ea sabia que, de acordo com a S\u00famula 610 do STJ ,o suic\u00eddio n\u00e3o \u00e9 coberto nos dois primeiros anos de vig\u00eancia do contrato de seguro de vida? Contudo, \u00e9 ressalvado o direito do benefici\u00e1rio \u00e0 devolu\u00e7\u00e3o do montante da reserva t\u00e9cnica\u00a0formada. Em caso de d\u00favida consulte o Jur\u00eddico de sua confian\u00e7a.<\/p>\n","protected":false},"excerpt":{"rendered":"<p>Voc\u00ea sabia que, de acordo com a S\u00famula 610 do STJ ,o suic\u00eddio n\u00e3o \u00e9 coberto nos dois primeiros anos de vig\u00eancia do contrato de seguro de vida? Contudo, \u00e9 ressalvado o direito do benefici\u00e1rio \u00e0 devolu\u00e7\u00e3o do montante da reserva t\u00e9cnica\u00a0formada. Em caso de d\u00favida consulte o Jur\u00eddico de sua confian\u00e7a.<\/p>\n","protected":false},"author":2,"featured_media":1005,"comment_status":"open","ping_status":"open","sticky":false,"template":"","format":"standard","meta":{"_monsterinsights_skip_tracking":false,"_monsterinsights_sitenote_active":false,"_monsterinsights_sitenote_note":"","_monsterinsights_sitenote_category":0,"footnotes":""},"categories":[1],"tags":[],"yst_prominent_words":[],"_links":{"self":[{"href":"https:\/\/www.caetanoadvogados.adv.br\/site\/wp-json\/wp\/v2\/posts\/1004"}],"collection":[{"href":"https:\/\/www.caetanoadvogados.adv.br\/site\/wp-json\/wp\/v2\/posts"}],"about":[{"href":"https:\/\/www.caetanoadvogados.adv.br\/site\/wp-json\/wp\/v2\/types\/post"}],"author":[{"embeddable":true,"href":"https:\/\/www.caetanoadvogados.adv.br\/site\/wp-json\/wp\/v2\/users\/2"}],"replies":[{"embeddable":true,"href":"https:\/\/www.caetanoadvogados.adv.br\/site\/wp-json\/wp\/v2\/comments?post=1004"}],"version-history":[{"count":1,"href":"https:\/\/www.caetanoadvogados.adv.br\/site\/wp-json\/wp\/v2\/posts\/1004\/revisions"}],"predecessor-version":[{"id":1006,"href":"https:\/\/www.caetanoadvogados.adv.br\/site\/wp-json\/wp\/v2\/posts\/1004\/revisions\/1006"}],"wp:featuredmedia":[{"embeddable":true,"href":"https:\/\/www.caetanoadvogados.adv.br\/site\/wp-json\/wp\/v2\/media\/1005"}],"wp:attachment":[{"href":"https:\/\/www.caetanoadvogados.adv.br\/site\/wp-json\/wp\/v2\/media?parent=1004"}],"wp:term":[{"taxonomy":"category","embeddable":true,"href":"https:\/\/www.caetanoadvogados.adv.br\/site\/wp-json\/wp\/v2\/categories?post=1004"},{"taxonomy":"post_tag","embeddable":true,"href":"https:\/\/www.caetanoadvogados.adv.br\/site\/wp-json\/wp\/v2\/tags?post=1004"},{"taxonomy":"yst_prominent_words","embeddable":true,"href":"https:\/\/www.caetanoadvogados.adv.br\/site\/wp-json\/wp\/v2\/yst_prominent_words?post=1004"}],"curies":[{"name":"wp","href":"https:\/\/api.w.org\/{rel}","templated":true}]}}